{"id":4012,"date":"2023-04-06T12:57:32","date_gmt":"2023-04-06T12:57:32","guid":{"rendered":"https:\/\/pp8.kluczbork.pl\/?p=4012"},"modified":"2023-05-04T18:44:55","modified_gmt":"2023-05-04T18:44:55","slug":"podziekowanie","status":"publish","type":"post","link":"https:\/\/pp8.kluczbork.pl\/?p=4012","title":{"rendered":"Podzi\u0119kowanie"},"content":{"rendered":"<p style=\"text-align: center;\"><span style=\"font-family: 'comic sans ms', sans-serif; font-size: 14pt; color: #ff6600;\">Dzi\u0119kujemy serdecznie Rodzicom i Dzieciom <\/span><br \/>\n<span style=\"font-family: 'comic sans ms', sans-serif; font-size: 14pt; color: #ff6600;\">za wykonanie przepi\u0119knych Pisanek Wielkanocnych, <\/span><br \/>\n<span style=\"font-family: 'comic sans ms', sans-serif; font-size: 14pt; color: #ff6600;\">kt\u00f3re zosta\u0142y przekazane dla Podopiecznych <\/span><br \/>\n<span style=\"font-family: 'comic sans ms', sans-serif; font-size: 14pt; color: #ff6600;\">Domu Pomocy Spo\u0142ecznej w Kluczborku.<\/span><\/p>\n<p style=\"text-align: center;\"><strong><a href=\"https:\/\/www.facebook.com\/permalink.php?story_fbid=pfbid02SEDVVDhKrY4kCN3W7citSSbMzTduahJpTDtws6rma15TX68PptzWtQiiTqqyJpRFl&amp;id=100064761082122\" target=\"_blank\" rel=\"noopener\">link&nbsp;<\/a><\/strong><\/p>\n<p style=\"text-align: center;\"><span style=\"color: #339966; font-family: 'comic sans ms', sans-serif; font-size: 14pt;\">Z wyrazami podzi\u0119kowania za udzia\u0142 i zaanga\u017cowanie sk\u0142adaj\u0105:<\/span><\/p>\n<p style=\"text-align: center;\"><span style=\"color: #008000; font-family: 'comic sans ms', sans-serif; font-size: 14pt;\">Dyrekcja i Nauczyciele<\/span><\/p>\n<p style=\"text-align: center;\"><span style=\"color: #008000; font-family: 'comic sans ms', sans-serif; font-size: 14pt;\">Publicznego Przedszkola Nr 8 w Kluczborku<\/span><\/p>\n<p style=\"text-align: center;\"><span style=\"color: #008000; font-family: 'comic sans ms', sans-serif; font-size: 14pt;\">oraz Pracownicy DPS Kluczbork<\/span><\/p>\n<p><img loading=\"lazy\" decoding=\"async\" class=\"alignnone wp-image-4013\" src=\"https:\/\/pp8.kluczbork.pl\/wp-content\/uploads\/2023\/04\/WhatsApp-Image-2023-04-06-at-14.41.05-300x225.jpeg\" alt=\"\" width=\"355\" height=\"266\" srcset=\"https:\/\/pp8.kluczbork.pl\/wp-content\/uploads\/2023\/04\/WhatsApp-Image-2023-04-06-at-14.41.05-300x225.jpeg 300w, https:\/\/pp8.kluczbork.pl\/wp-content\/uploads\/2023\/04\/WhatsApp-Image-2023-04-06-at-14.41.05-768x576.jpeg 768w, https:\/\/pp8.kluczbork.pl\/wp-content\/uploads\/2023\/04\/WhatsApp-Image-2023-04-06-at-14.41.05.jpeg 1024w\" sizes=\"(max-width: 355px) 100vw, 355px\" \/>&nbsp; &nbsp; &nbsp; &nbsp; &nbsp; &nbsp; &nbsp; &nbsp; &nbsp; &nbsp; &nbsp; &nbsp; &nbsp; &nbsp; &nbsp; &nbsp;<img loading=\"lazy\" decoding=\"async\" class=\"alignnone size-medium wp-image-4014\" src=\"https:\/\/pp8.kluczbork.pl\/wp-content\/uploads\/2023\/04\/WhatsApp-Image-2023-04-06-at-14.41.05-1-225x300.jpeg\" alt=\"\" width=\"225\" height=\"300\" srcset=\"https:\/\/pp8.kluczbork.pl\/wp-content\/uploads\/2023\/04\/WhatsApp-Image-2023-04-06-at-14.41.05-1-225x300.jpeg 225w, https:\/\/pp8.kluczbork.pl\/wp-content\/uploads\/2023\/04\/WhatsApp-Image-2023-04-06-at-14.41.05-1.jpeg 768w\" sizes=\"(max-width: 225px) 100vw, 225px\" \/><\/p>\n","protected":false},"excerpt":{"rendered":"<p>Dzi\u0119kujemy serdecznie Rodzicom i Dzieciom za wykonanie przepi\u0119knych Pisanek Wielkanocnych, kt\u00f3re zosta\u0142y przekazane dla Podopiecznych Domu Pomocy Spo\u0142ecznej w Kluczborku. link&nbsp; Z wyrazami podzi\u0119kowania za udzia\u0142 i zaanga\u017cowanie sk\u0142adaj\u0105: Dyrekcja i Nauczyciele Publicznego Przedszkola Nr 8 w Kluczborku oraz Pracownicy DPS Kluczbork &nbsp; &nbsp; &nbsp; &nbsp; &nbsp; &nbsp; &nbsp; &nbsp; [&hellip;]<\/p>\n","protected":false},"author":15,"featured_media":4013,"comment_status":"open","ping_status":"open","sticky":false,"template":"","format":"standard","meta":{"ngg_post_thumbnail":0,"footnotes":""},"categories":[275],"tags":[],"_links":{"self":[{"href":"https:\/\/pp8.kluczbork.pl\/index.php?rest_route=\/wp\/v2\/posts\/4012"}],"collection":[{"href":"https:\/\/pp8.kluczbork.pl\/index.php?rest_route=\/wp\/v2\/posts"}],"about":[{"href":"https:\/\/pp8.kluczbork.pl\/index.php?rest_route=\/wp\/v2\/types\/post"}],"author":[{"embeddable":true,"href":"https:\/\/pp8.kluczbork.pl\/index.php?rest_route=\/wp\/v2\/users\/15"}],"replies":[{"embeddable":true,"href":"https:\/\/pp8.kluczbork.pl\/index.php?rest_route=%2Fwp%2Fv2%2Fcomments&post=4012"}],"version-history":[{"count":4,"href":"https:\/\/pp8.kluczbork.pl\/index.php?rest_route=\/wp\/v2\/posts\/4012\/revisions"}],"predecessor-version":[{"id":4020,"href":"https:\/\/pp8.kluczbork.pl\/index.php?rest_route=\/wp\/v2\/posts\/4012\/revisions\/4020"}],"wp:featuredmedia":[{"embeddable":true,"href":"https:\/\/pp8.kluczbork.pl\/index.php?rest_route=\/wp\/v2\/media\/4013"}],"wp:attachment":[{"href":"https:\/\/pp8.kluczbork.pl\/index.php?rest_route=%2Fwp%2Fv2%2Fmedia&parent=4012"}],"wp:term":[{"taxonomy":"category","embeddable":true,"href":"https:\/\/pp8.kluczbork.pl\/index.php?rest_route=%2Fwp%2Fv2%2Fcategories&post=4012"},{"taxonomy":"post_tag","embeddable":true,"href":"https:\/\/pp8.kluczbork.pl\/index.php?rest_route=%2Fwp%2Fv2%2Ftags&post=4012"}],"curies":[{"name":"wp","href":"https:\/\/api.w.org\/{rel}","templated":true}]}}