{"id":4000,"date":"2023-04-04T19:06:43","date_gmt":"2023-04-04T19:06:43","guid":{"rendered":"https:\/\/pp8.kluczbork.pl\/?p=4000"},"modified":"2023-04-04T19:06:43","modified_gmt":"2023-04-04T19:06:43","slug":"pierwszy-dzien-wiosny-3","status":"publish","type":"post","link":"https:\/\/pp8.kluczbork.pl\/?p=4000","title":{"rendered":"Pierwszy Dzie\u0144 Wiosny"},"content":{"rendered":"<p style=\"text-align: center;\"><span style=\"font-family: 'comic sans ms', sans-serif; font-size: 18pt; color: #0eb034;\"><em><strong>\u201dIdzie do nas wiosna, weso\u0142a i radosna,<br \/>\nu\u015bmiecha si\u0119 do dzieci,<br \/>\ni s\u0142oneczkiem \u015bwieci\u201d<\/strong><\/em><\/span><\/p>\n<p style=\"text-align: center;\"><a href=\"https:\/\/flic.kr\/s\/aHBqjAymzP\" target=\"_blank\" rel=\"noopener\"><span style=\"font-size: 18pt; color: #ff0000;\"><strong><span style=\"font-family: 'comic sans ms', sans-serif;\">GALERIA ZDJ\u0118\u0106<\/span><\/strong><\/span><\/a><\/p>\n","protected":false},"excerpt":{"rendered":"<p>\u201dIdzie do nas wiosna, weso\u0142a i radosna, u\u015bmiecha si\u0119 do dzieci, i s\u0142oneczkiem \u015bwieci\u201d GALERIA ZDJ\u0118\u0106<\/p>\n","protected":false},"author":15,"featured_media":3955,"comment_status":"open","ping_status":"open","sticky":false,"template":"","format":"standard","meta":{"ngg_post_thumbnail":0,"footnotes":""},"categories":[27],"tags":[],"_links":{"self":[{"href":"https:\/\/pp8.kluczbork.pl\/index.php?rest_route=\/wp\/v2\/posts\/4000"}],"collection":[{"href":"https:\/\/pp8.kluczbork.pl\/index.php?rest_route=\/wp\/v2\/posts"}],"about":[{"href":"https:\/\/pp8.kluczbork.pl\/index.php?rest_route=\/wp\/v2\/types\/post"}],"author":[{"embeddable":true,"href":"https:\/\/pp8.kluczbork.pl\/index.php?rest_route=\/wp\/v2\/users\/15"}],"replies":[{"embeddable":true,"href":"https:\/\/pp8.kluczbork.pl\/index.php?rest_route=%2Fwp%2Fv2%2Fcomments&post=4000"}],"version-history":[{"count":1,"href":"https:\/\/pp8.kluczbork.pl\/index.php?rest_route=\/wp\/v2\/posts\/4000\/revisions"}],"predecessor-version":[{"id":4001,"href":"https:\/\/pp8.kluczbork.pl\/index.php?rest_route=\/wp\/v2\/posts\/4000\/revisions\/4001"}],"wp:featuredmedia":[{"embeddable":true,"href":"https:\/\/pp8.kluczbork.pl\/index.php?rest_route=\/wp\/v2\/media\/3955"}],"wp:attachment":[{"href":"https:\/\/pp8.kluczbork.pl\/index.php?rest_route=%2Fwp%2Fv2%2Fmedia&parent=4000"}],"wp:term":[{"taxonomy":"category","embeddable":true,"href":"https:\/\/pp8.kluczbork.pl\/index.php?rest_route=%2Fwp%2Fv2%2Fcategories&post=4000"},{"taxonomy":"post_tag","embeddable":true,"href":"https:\/\/pp8.kluczbork.pl\/index.php?rest_route=%2Fwp%2Fv2%2Ftags&post=4000"}],"curies":[{"name":"wp","href":"https:\/\/api.w.org\/{rel}","templated":true}]}}