{"id":3992,"date":"2023-04-04T19:00:54","date_gmt":"2023-04-04T19:00:54","guid":{"rendered":"https:\/\/pp8.kluczbork.pl\/?p=3992"},"modified":"2023-04-04T19:00:54","modified_gmt":"2023-04-04T19:00:54","slug":"zajaczek-w-przedszkolu-2","status":"publish","type":"post","link":"https:\/\/pp8.kluczbork.pl\/?p=3992","title":{"rendered":"Zaj\u0105czek w przedszkolu"},"content":{"rendered":"<p style=\"text-align: center;\"><span style=\"font-family: 'comic sans ms', sans-serif; font-size: 14pt; color: #ff99cc;\">Dzisiaj w naszym przedszkolu odwiedzi\u0142 nas zaj\u0105czek, kt\u00f3ry w tajemniczy<\/span><br \/>\n<span style=\"font-family: 'comic sans ms', sans-serif; font-size: 14pt; color: #ff99cc;\">spos\u00f3b pochowa\u0142&nbsp;dzieciom ich koszyczki.&nbsp;Dzieci z wielk\u0105 rado\u015bci\u0105 i wypiekami<\/span><br \/>\n<span style=\"font-family: 'comic sans ms', sans-serif; font-size: 14pt; color: #ff99cc;\">na twarzy szuka\u0142y upomink\u00f3w zostawionych przez Zaj\u0105czka.&nbsp;<\/span><br \/>\n<span style=\"font-family: 'comic sans ms', sans-serif; font-size: 14pt; color: #ff99cc;\">Mimo przemy\u015blanych kryj\u00f3wek Zaj\u0105ca ka\u017cde dziecko odnalaz\u0142o<\/span><br \/>\n<span style=\"font-family: 'comic sans ms', sans-serif; font-size: 14pt; color: #ff99cc;\">sw\u00f3j koszyczek z niespodziank\u0105.<\/span><\/p>\n<p style=\"text-align: center;\"><a href=\"https:\/\/flic.kr\/s\/aHBqjAyxsh\" target=\"_blank\" rel=\"noopener\"><span style=\"font-size: 14pt; color: #00ccff;\"><strong><span style=\"font-family: 'comic sans ms', sans-serif;\">GALERIA ZDJ\u0118\u0106<\/span><\/strong><\/span><\/a><\/p>\n<p><img loading=\"lazy\" decoding=\"async\" class=\"alignnone  wp-image-3997 aligncenter\" src=\"https:\/\/pp8.kluczbork.pl\/wp-content\/uploads\/2023\/04\/zyczenia-wielkanocne-300x212.gif\" alt=\"\" width=\"429\" height=\"303\" srcset=\"https:\/\/pp8.kluczbork.pl\/wp-content\/uploads\/2023\/04\/zyczenia-wielkanocne-300x212.gif 300w, https:\/\/pp8.kluczbork.pl\/wp-content\/uploads\/2023\/04\/zyczenia-wielkanocne-1024x724.gif 1024w, https:\/\/pp8.kluczbork.pl\/wp-content\/uploads\/2023\/04\/zyczenia-wielkanocne-768x543.gif 768w, https:\/\/pp8.kluczbork.pl\/wp-content\/uploads\/2023\/04\/zyczenia-wielkanocne-1536x1085.gif 1536w, https:\/\/pp8.kluczbork.pl\/wp-content\/uploads\/2023\/04\/zyczenia-wielkanocne-100x70.gif 100w\" sizes=\"(max-width: 429px) 100vw, 429px\" \/><\/p>\n<p>&nbsp;<\/p>\n<p>&nbsp;<\/p>\n","protected":false},"excerpt":{"rendered":"<p>Dzisiaj w naszym przedszkolu odwiedzi\u0142 nas zaj\u0105czek, kt\u00f3ry w tajemniczy spos\u00f3b pochowa\u0142&nbsp;dzieciom ich koszyczki.&nbsp;Dzieci z wielk\u0105 rado\u015bci\u0105 i wypiekami na twarzy szuka\u0142y upomink\u00f3w zostawionych przez Zaj\u0105czka.&nbsp; Mimo przemy\u015blanych kryj\u00f3wek Zaj\u0105ca ka\u017cde dziecko odnalaz\u0142o sw\u00f3j koszyczek z niespodziank\u0105. GALERIA ZDJ\u0118\u0106 &nbsp; &nbsp;<\/p>\n","protected":false},"author":15,"featured_media":3998,"comment_status":"open","ping_status":"open","sticky":false,"template":"","format":"standard","meta":{"ngg_post_thumbnail":0,"footnotes":""},"categories":[29],"tags":[],"_links":{"self":[{"href":"https:\/\/pp8.kluczbork.pl\/index.php?rest_route=\/wp\/v2\/posts\/3992"}],"collection":[{"href":"https:\/\/pp8.kluczbork.pl\/index.php?rest_route=\/wp\/v2\/posts"}],"about":[{"href":"https:\/\/pp8.kluczbork.pl\/index.php?rest_route=\/wp\/v2\/types\/post"}],"author":[{"embeddable":true,"href":"https:\/\/pp8.kluczbork.pl\/index.php?rest_route=\/wp\/v2\/users\/15"}],"replies":[{"embeddable":true,"href":"https:\/\/pp8.kluczbork.pl\/index.php?rest_route=%2Fwp%2Fv2%2Fcomments&post=3992"}],"version-history":[{"count":1,"href":"https:\/\/pp8.kluczbork.pl\/index.php?rest_route=\/wp\/v2\/posts\/3992\/revisions"}],"predecessor-version":[{"id":3999,"href":"https:\/\/pp8.kluczbork.pl\/index.php?rest_route=\/wp\/v2\/posts\/3992\/revisions\/3999"}],"wp:featuredmedia":[{"embeddable":true,"href":"https:\/\/pp8.kluczbork.pl\/index.php?rest_route=\/wp\/v2\/media\/3998"}],"wp:attachment":[{"href":"https:\/\/pp8.kluczbork.pl\/index.php?rest_route=%2Fwp%2Fv2%2Fmedia&parent=3992"}],"wp:term":[{"taxonomy":"category","embeddable":true,"href":"https:\/\/pp8.kluczbork.pl\/index.php?rest_route=%2Fwp%2Fv2%2Fcategories&post=3992"},{"taxonomy":"post_tag","embeddable":true,"href":"https:\/\/pp8.kluczbork.pl\/index.php?rest_route=%2Fwp%2Fv2%2Ftags&post=3992"}],"curies":[{"name":"wp","href":"https:\/\/api.w.org\/{rel}","templated":true}]}}