{"id":3988,"date":"2023-04-04T13:01:20","date_gmt":"2023-04-04T13:01:20","guid":{"rendered":"https:\/\/pp8.kluczbork.pl\/?p=3988"},"modified":"2023-04-04T13:01:20","modified_gmt":"2023-04-04T13:01:20","slug":"wielkanocny-zajaczek","status":"publish","type":"post","link":"https:\/\/pp8.kluczbork.pl\/?p=3988","title":{"rendered":"&#8222;Wielkanocny Zaj\u0105czek&#8221;"},"content":{"rendered":"<p><span style=\"color: #000080\"><strong><span style=\"font-family: 'comic sans ms', sans-serif\">Ka\u017cdego roku, w okresie Wielkanocnym do naszego przedszkola przychodzi Zaj\u0105czek Wielkanocny<\/span><\/strong><\/span><br \/>\n<span style=\"color: #000080\"><strong><span style=\"font-family: 'comic sans ms', sans-serif\">i w tajemniczy spos\u00f3b zostawia dla wszystkich przedszkolak\u00f3w prezenty w koszyczkach.<\/span><\/strong><\/span><br \/>\n<span style=\"color: #000080\"><strong><span style=\"font-family: 'comic sans ms', sans-serif\">Tym razem te\u017c nas nie zawi\u00f3d\u0142. We wtorek ju\u017c od rana dzieci z niecierpliwo\u015bci\u0105 wypatrywa\u0142y d\u0142ugo oczekiwanego go\u015bcia,<\/span><\/strong><\/span><br \/>\n<span style=\"color: #000080\"><strong><span style=\"font-family: 'comic sans ms', sans-serif\">ale nie zdo\u0142a\u0142y go zobaczy\u0107. Z wielk\u0105 rado\u015bci\u0105 wyruszy\u0142y do ogrodu na poszukiwania.<\/span><\/strong><\/span><br \/>\n<span style=\"color: #000080\"><strong><span style=\"font-family: 'comic sans ms', sans-serif\">Ochoczo z wypiekami na twarzy szuka\u0142y upomink\u00f3w zostawionych przez Zaj\u0105czka. <\/span><\/strong><\/span><br \/>\n<span style=\"color: #000080\"><strong><span style=\"font-family: 'comic sans ms', sans-serif\">Poradzi\u0142y sobie wy\u015bmienicie i wr\u00f3ci\u0142y do przedszkola z pe\u0142nymi koszykami i u\u015bmiechem.<\/span><\/strong><\/span><br \/>\n<span style=\"color: #000080\"><strong><span style=\"font-family: 'comic sans ms', sans-serif\">Do zobaczenia, zaj\u0105czku! Dzi\u0119kujemy za prezenty!<\/span><\/strong><\/span><\/p>\n<p><a href=\"https:\/\/flic.kr\/s\/aHBqjAywCF\"><span style=\"color: #ff6600\">Galeria zdj\u0119\u0107:<\/span><\/a><\/p>\n","protected":false},"excerpt":{"rendered":"<p>Ka\u017cdego roku, w okresie Wielkanocnym do naszego przedszkola przychodzi Zaj\u0105czek Wielkanocny i w tajemniczy spos\u00f3b zostawia dla wszystkich przedszkolak\u00f3w prezenty w koszyczkach. Tym razem te\u017c nas nie zawi\u00f3d\u0142. We wtorek ju\u017c od rana dzieci z niecierpliwo\u015bci\u0105 wypatrywa\u0142y d\u0142ugo oczekiwanego go\u015bcia, ale nie zdo\u0142a\u0142y go zobaczy\u0107. Z wielk\u0105 rado\u015bci\u0105 wyruszy\u0142y do [&hellip;]<\/p>\n","protected":false},"author":3,"featured_media":3989,"comment_status":"open","ping_status":"open","sticky":false,"template":"","format":"standard","meta":{"ngg_post_thumbnail":0,"footnotes":""},"categories":[30],"tags":[],"_links":{"self":[{"href":"https:\/\/pp8.kluczbork.pl\/index.php?rest_route=\/wp\/v2\/posts\/3988"}],"collection":[{"href":"https:\/\/pp8.kluczbork.pl\/index.php?rest_route=\/wp\/v2\/posts"}],"about":[{"href":"https:\/\/pp8.kluczbork.pl\/index.php?rest_route=\/wp\/v2\/types\/post"}],"author":[{"embeddable":true,"href":"https:\/\/pp8.kluczbork.pl\/index.php?rest_route=\/wp\/v2\/users\/3"}],"replies":[{"embeddable":true,"href":"https:\/\/pp8.kluczbork.pl\/index.php?rest_route=%2Fwp%2Fv2%2Fcomments&post=3988"}],"version-history":[{"count":1,"href":"https:\/\/pp8.kluczbork.pl\/index.php?rest_route=\/wp\/v2\/posts\/3988\/revisions"}],"predecessor-version":[{"id":3990,"href":"https:\/\/pp8.kluczbork.pl\/index.php?rest_route=\/wp\/v2\/posts\/3988\/revisions\/3990"}],"wp:featuredmedia":[{"embeddable":true,"href":"https:\/\/pp8.kluczbork.pl\/index.php?rest_route=\/wp\/v2\/media\/3989"}],"wp:attachment":[{"href":"https:\/\/pp8.kluczbork.pl\/index.php?rest_route=%2Fwp%2Fv2%2Fmedia&parent=3988"}],"wp:term":[{"taxonomy":"category","embeddable":true,"href":"https:\/\/pp8.kluczbork.pl\/index.php?rest_route=%2Fwp%2Fv2%2Fcategories&post=3988"},{"taxonomy":"post_tag","embeddable":true,"href":"https:\/\/pp8.kluczbork.pl\/index.php?rest_route=%2Fwp%2Fv2%2Ftags&post=3988"}],"curies":[{"name":"wp","href":"https:\/\/api.w.org\/{rel}","templated":true}]}}