{"id":3965,"date":"2023-04-02T21:44:24","date_gmt":"2023-04-02T21:44:24","guid":{"rendered":"https:\/\/pp8.kluczbork.pl\/?p=3965"},"modified":"2023-04-10T18:21:41","modified_gmt":"2023-04-10T18:21:41","slug":"spotkanie-z-pania-lesnik-2","status":"publish","type":"post","link":"https:\/\/pp8.kluczbork.pl\/?p=3965","title":{"rendered":"Spotkanie z Pani\u0105 Le\u015bnik"},"content":{"rendered":"<p><img loading=\"lazy\" decoding=\"async\" class=\"aligncenter wp-image-3966 size-large\" src=\"https:\/\/pp8.kluczbork.pl\/wp-content\/uploads\/2023\/04\/IMG_8692-1024x768.jpeg\" alt=\"\" width=\"1024\" height=\"768\" srcset=\"https:\/\/pp8.kluczbork.pl\/wp-content\/uploads\/2023\/04\/IMG_8692-1024x768.jpeg 1024w, https:\/\/pp8.kluczbork.pl\/wp-content\/uploads\/2023\/04\/IMG_8692-300x225.jpeg 300w, https:\/\/pp8.kluczbork.pl\/wp-content\/uploads\/2023\/04\/IMG_8692-768x576.jpeg 768w, https:\/\/pp8.kluczbork.pl\/wp-content\/uploads\/2023\/04\/IMG_8692-1536x1152.jpeg 1536w, https:\/\/pp8.kluczbork.pl\/wp-content\/uploads\/2023\/04\/IMG_8692.jpeg 2048w\" sizes=\"(max-width: 1024px) 100vw, 1024px\" \/><\/p>\n<p><span style=\"font-family: 'comic sans ms', sans-serif;color: #993300;font-size: 14pt\">W dniu 22 marca, nasze przedszkole go\u015bci\u0142o Pani\u0105 Le\u015bnik z Nadle\u015bnictwa Kluczbork.<\/span><\/p>\n<p><span style=\"font-family: 'comic sans ms', sans-serif;color: #003300;font-size: 14pt\">Celem wizyty by\u0142o: zapoznanie dzieci z prac\u0105 le\u015bnika, kszta\u0142towanie podstawowych zasad ochrony przyrody oraz pog\u0142\u0119bianie wiadomo\u015bci na temat ptak\u00f3w i zwierz\u0105t \u017cyj\u0105cych w \u015brodowisku le\u015bnym.<\/span><\/p>\n<p><span style=\"font-family: 'comic sans ms', sans-serif;color: #000080;font-size: 14pt\">Spotkanie, kt\u00f3re up\u0142yn\u0119\u0142o w przemi\u0142ej atmosferze, sta\u0142o si\u0119 doskona\u0142\u0105 okazj\u0105 do propagowania proekologicznych zachowa\u0144 oraz przekazania podstawowych zasad dbania o \u015brodowisko naturalne i kszta\u0142towania prawid\u0142owych postaw wobec przyrody. Dzi\u0119ki tym zaj\u0119ciom dzieci poszerzy\u0142y wiadomo\u015bci o lesie i jego mieszka\u0144cach. Lepiej pozna\u0142y zasady ochrony przyrody i opieki nad zwierz\u0119tami i ptakami w okresie zimowym.<\/span><\/p>\n<p><span style=\"font-family: 'comic sans ms', sans-serif;color: #800000;font-size: 14pt\">Na koniec spotkania wr\u0119czyli\u015bmy Pani Le\u015bnik podzi\u0119kowanie za po\u015bwi\u0119cony nam czas i przekazane wiadomo\u015bci. Informacje dotycz\u0105ce natury oraz jej ochrony na pewno pozostan\u0105 w pami\u0119ci Kubusi\u00f3w a jednocze\u015bnie naucz\u0105 ich odpowiedzialno\u015bci za swoje post\u0119powanie.<\/span><\/p>\n<p style=\"text-align: center\"><img loading=\"lazy\" decoding=\"async\" class=\"alignnone wp-image-3968 size-full\" src=\"https:\/\/pp8.kluczbork.pl\/wp-content\/uploads\/2023\/04\/spl6.png\" alt=\"\" width=\"431\" height=\"414\" srcset=\"https:\/\/pp8.kluczbork.pl\/wp-content\/uploads\/2023\/04\/spl6.png 431w, https:\/\/pp8.kluczbork.pl\/wp-content\/uploads\/2023\/04\/spl6-300x288.png 300w\" sizes=\"(max-width: 431px) 100vw, 431px\" \/><\/p>\n<p><span style=\"font-size: 14pt\"><a href=\"https:\/\/flic.kr\/s\/aHBqjAydcq\"><strong><span style=\"font-family: 'comic sans ms', sans-serif;color: #333333\">Zapraszamy do naszej galerii zdj\u0119\u0107<\/span><\/strong><\/a><\/span><\/p>\n","protected":false},"excerpt":{"rendered":"<p>W dniu 22 marca, nasze przedszkole go\u015bci\u0142o Pani\u0105 Le\u015bnik z Nadle\u015bnictwa Kluczbork. Celem wizyty by\u0142o: zapoznanie dzieci z prac\u0105 le\u015bnika, kszta\u0142towanie podstawowych zasad ochrony przyrody oraz pog\u0142\u0119bianie wiadomo\u015bci na temat ptak\u00f3w i zwierz\u0105t \u017cyj\u0105cych w \u015brodowisku le\u015bnym. Spotkanie, kt\u00f3re up\u0142yn\u0119\u0142o w przemi\u0142ej atmosferze, sta\u0142o si\u0119 doskona\u0142\u0105 okazj\u0105 do propagowania proekologicznych [&hellip;]<\/p>\n","protected":false},"author":11,"featured_media":3967,"comment_status":"open","ping_status":"open","sticky":false,"template":"","format":"standard","meta":{"ngg_post_thumbnail":0,"footnotes":""},"categories":[28],"tags":[],"_links":{"self":[{"href":"https:\/\/pp8.kluczbork.pl\/index.php?rest_route=\/wp\/v2\/posts\/3965"}],"collection":[{"href":"https:\/\/pp8.kluczbork.pl\/index.php?rest_route=\/wp\/v2\/posts"}],"about":[{"href":"https:\/\/pp8.kluczbork.pl\/index.php?rest_route=\/wp\/v2\/types\/post"}],"author":[{"embeddable":true,"href":"https:\/\/pp8.kluczbork.pl\/index.php?rest_route=\/wp\/v2\/users\/11"}],"replies":[{"embeddable":true,"href":"https:\/\/pp8.kluczbork.pl\/index.php?rest_route=%2Fwp%2Fv2%2Fcomments&post=3965"}],"version-history":[{"count":3,"href":"https:\/\/pp8.kluczbork.pl\/index.php?rest_route=\/wp\/v2\/posts\/3965\/revisions"}],"predecessor-version":[{"id":4072,"href":"https:\/\/pp8.kluczbork.pl\/index.php?rest_route=\/wp\/v2\/posts\/3965\/revisions\/4072"}],"wp:featuredmedia":[{"embeddable":true,"href":"https:\/\/pp8.kluczbork.pl\/index.php?rest_route=\/wp\/v2\/media\/3967"}],"wp:attachment":[{"href":"https:\/\/pp8.kluczbork.pl\/index.php?rest_route=%2Fwp%2Fv2%2Fmedia&parent=3965"}],"wp:term":[{"taxonomy":"category","embeddable":true,"href":"https:\/\/pp8.kluczbork.pl\/index.php?rest_route=%2Fwp%2Fv2%2Fcategories&post=3965"},{"taxonomy":"post_tag","embeddable":true,"href":"https:\/\/pp8.kluczbork.pl\/index.php?rest_route=%2Fwp%2Fv2%2Ftags&post=3965"}],"curies":[{"name":"wp","href":"https:\/\/api.w.org\/{rel}","templated":true}]}}