{"id":3954,"date":"2023-04-02T20:29:24","date_gmt":"2023-04-02T20:29:24","guid":{"rendered":"https:\/\/pp8.kluczbork.pl\/?p=3954"},"modified":"2023-04-10T18:23:37","modified_gmt":"2023-04-10T18:23:37","slug":"pierwszy-dzien-wiosny-2","status":"publish","type":"post","link":"https:\/\/pp8.kluczbork.pl\/?p=3954","title":{"rendered":"Pierwszy Dzie\u0144 Wiosny"},"content":{"rendered":"<p>&nbsp;<\/p>\n<p style=\"text-align: center\"><span style=\"font-family: 'comic sans ms', sans-serif;color: #ff6600;font-size: 14pt\"><strong>Puk, puk, puk &#8230;w okienko!- Wyjd\u017acie dzieci pr\u0119dko.<\/strong><\/span><br \/>\n<span style=\"font-family: 'comic sans ms', sans-serif;color: #ff6600;font-size: 14pt\"><strong>Idzie ju\u017c wiosenka\u00a0i s\u0142oneczko \u015bwieci.<\/strong><\/span><\/p>\n<p style=\"text-align: center\"><span style=\"font-family: 'comic sans ms', sans-serif;color: #00ff00;font-size: 14pt\"><strong>Z baziami ga\u0142\u0105zk\u0119\u00a0w r\u0119ku ma wierzbow\u0105.<\/strong><\/span><br \/>\n<span style=\"font-family: 'comic sans ms', sans-serif;color: #00ff00;font-size: 14pt\"><strong>I za pasem wi\u0105zk\u0119\u00a0przylaszczek liliowych.<\/strong><\/span><\/p>\n<p style=\"text-align: center\"><span style=\"font-family: 'comic sans ms', sans-serif;color: #993366;font-size: 14pt\"><strong>Idzie pi\u0119kna pani\u00a0z jasnymi w\u0142osami.<\/strong><\/span><br \/>\n<span style=\"font-family: 'comic sans ms', sans-serif;color: #993366;font-size: 14pt\"><strong>W zielonej sukience,\u00a0wyszytej kwiatami.<\/strong><\/span><\/p>\n<p style=\"text-align: center\"><span style=\"font-family: 'comic sans ms', sans-serif;color: #00ff00;font-size: 14pt\"><span style=\"color: #00ffff\"><strong>Idzie- uderza witk\u0105\u00a0wierzbow\u0105 z baziami.<\/strong><\/span><strong><br \/>\n<span style=\"color: #00ffff\">I pokrywa si\u0119 wszystko\u00a0m\u0142odymi listkami.<\/span><\/strong><\/span><\/p>\n<p style=\"text-align: center\"><span style=\"color: #ff00ff;font-size: 14pt\">S\u0142o\u0144ce z\u0142ote \u015bwieci, idzie pi\u0119kna pani.<\/span><br \/>\n<span style=\"color: #ff00ff;font-size: 14pt\">Puk, puk, puk &#8230;chod\u017acie dzieci na Wiosny spotkanie.<\/span><\/p>\n<p style=\"text-align: center\"><img loading=\"lazy\" decoding=\"async\" class=\"alignnone wp-image-3956 size-large\" src=\"https:\/\/pp8.kluczbork.pl\/wp-content\/uploads\/2023\/04\/WhatsApp-Image-2023-04-02-at-12.12.10-1024x768.jpeg\" alt=\"\" width=\"1024\" height=\"768\" srcset=\"https:\/\/pp8.kluczbork.pl\/wp-content\/uploads\/2023\/04\/WhatsApp-Image-2023-04-02-at-12.12.10-1024x768.jpeg 1024w, https:\/\/pp8.kluczbork.pl\/wp-content\/uploads\/2023\/04\/WhatsApp-Image-2023-04-02-at-12.12.10-300x225.jpeg 300w, https:\/\/pp8.kluczbork.pl\/wp-content\/uploads\/2023\/04\/WhatsApp-Image-2023-04-02-at-12.12.10-768x576.jpeg 768w, https:\/\/pp8.kluczbork.pl\/wp-content\/uploads\/2023\/04\/WhatsApp-Image-2023-04-02-at-12.12.10-1536x1152.jpeg 1536w, https:\/\/pp8.kluczbork.pl\/wp-content\/uploads\/2023\/04\/WhatsApp-Image-2023-04-02-at-12.12.10.jpeg 2000w\" sizes=\"(max-width: 1024px) 100vw, 1024px\" \/><\/p>\n<p style=\"text-align: left\"><span style=\"font-family: 'comic sans ms', sans-serif;color: #800000;font-size: 14pt\">21 marca, po d\u0142ugiej i mro\u017anej zimie, w ko\u0144cu powitali\u015bmy pierwszy dzie\u0144 kalendarzowej wiosny! Chocia\u017c powinni\u015bmy si\u0119 cieszy\u0107 z ciep\u0142ej i s\u0142onecznej pogody, niestety zimna aura nieco pomiesza\u0142a nam szyki. <\/span><br \/>\n<span style=\"font-family: 'comic sans ms', sans-serif;color: #008080;font-size: 14pt\"><strong>Kubusie<\/strong> jednak nie pozwoli\u0142y, \u017ceby pochmurny dzie\u0144 zepsu\u0142 im ca\u0142y dzie\u0144: uroczy\u015bcie po\u017cegnali\u015bmy zimow\u0105 Marzann\u0119 poprzez zorganizowanie radosnego korowodu ozdobionego r\u00f3\u017cnokolorowymi ozdobami, baziami i wiosennymi ga\u0142\u0105zkami. <\/span><br \/>\n<span style=\"font-family: 'comic sans ms', sans-serif;color: #333399;font-size: 14pt\">Chocia\u017c deszczowy dzie\u0144 nie nale\u017ca\u0142 do naszych ulubionych, to jednak uda\u0142o nam si\u0119 go \u015bwietnie wykorzysta\u0107. Cieszymy si\u0119, \u017ce pierwszy dzie\u0144 wiosny min\u0105\u0142 w tak weso\u0142ej i kreatywnej atmosferze!<\/span><\/p>\n<p><img loading=\"lazy\" decoding=\"async\" class=\"aligncenter wp-image-3957 size-large\" src=\"https:\/\/pp8.kluczbork.pl\/wp-content\/uploads\/2023\/04\/WhatsApp-Image-2023-04-02-at-12.10.11-1024x768.jpeg\" alt=\"\" width=\"1024\" height=\"768\" srcset=\"https:\/\/pp8.kluczbork.pl\/wp-content\/uploads\/2023\/04\/WhatsApp-Image-2023-04-02-at-12.10.11-1024x768.jpeg 1024w, https:\/\/pp8.kluczbork.pl\/wp-content\/uploads\/2023\/04\/WhatsApp-Image-2023-04-02-at-12.10.11-300x225.jpeg 300w, https:\/\/pp8.kluczbork.pl\/wp-content\/uploads\/2023\/04\/WhatsApp-Image-2023-04-02-at-12.10.11-768x576.jpeg 768w, https:\/\/pp8.kluczbork.pl\/wp-content\/uploads\/2023\/04\/WhatsApp-Image-2023-04-02-at-12.10.11-1536x1152.jpeg 1536w, https:\/\/pp8.kluczbork.pl\/wp-content\/uploads\/2023\/04\/WhatsApp-Image-2023-04-02-at-12.10.11.jpeg 2000w\" sizes=\"(max-width: 1024px) 100vw, 1024px\" \/><\/p>\n<p>&nbsp;<\/p>\n","protected":false},"excerpt":{"rendered":"<p>&nbsp; Puk, puk, puk &#8230;w okienko!- Wyjd\u017acie dzieci pr\u0119dko. Idzie ju\u017c wiosenka\u00a0i s\u0142oneczko \u015bwieci. Z baziami ga\u0142\u0105zk\u0119\u00a0w r\u0119ku ma wierzbow\u0105. I za pasem wi\u0105zk\u0119\u00a0przylaszczek liliowych. Idzie pi\u0119kna pani\u00a0z jasnymi w\u0142osami. W zielonej sukience,\u00a0wyszytej kwiatami. Idzie- uderza witk\u0105\u00a0wierzbow\u0105 z baziami. I pokrywa si\u0119 wszystko\u00a0m\u0142odymi listkami. S\u0142o\u0144ce z\u0142ote \u015bwieci, idzie pi\u0119kna pani. [&hellip;]<\/p>\n","protected":false},"author":11,"featured_media":3955,"comment_status":"open","ping_status":"open","sticky":false,"template":"","format":"standard","meta":{"ngg_post_thumbnail":0,"footnotes":""},"categories":[28],"tags":[],"_links":{"self":[{"href":"https:\/\/pp8.kluczbork.pl\/index.php?rest_route=\/wp\/v2\/posts\/3954"}],"collection":[{"href":"https:\/\/pp8.kluczbork.pl\/index.php?rest_route=\/wp\/v2\/posts"}],"about":[{"href":"https:\/\/pp8.kluczbork.pl\/index.php?rest_route=\/wp\/v2\/types\/post"}],"author":[{"embeddable":true,"href":"https:\/\/pp8.kluczbork.pl\/index.php?rest_route=\/wp\/v2\/users\/11"}],"replies":[{"embeddable":true,"href":"https:\/\/pp8.kluczbork.pl\/index.php?rest_route=%2Fwp%2Fv2%2Fcomments&post=3954"}],"version-history":[{"count":7,"href":"https:\/\/pp8.kluczbork.pl\/index.php?rest_route=\/wp\/v2\/posts\/3954\/revisions"}],"predecessor-version":[{"id":4074,"href":"https:\/\/pp8.kluczbork.pl\/index.php?rest_route=\/wp\/v2\/posts\/3954\/revisions\/4074"}],"wp:featuredmedia":[{"embeddable":true,"href":"https:\/\/pp8.kluczbork.pl\/index.php?rest_route=\/wp\/v2\/media\/3955"}],"wp:attachment":[{"href":"https:\/\/pp8.kluczbork.pl\/index.php?rest_route=%2Fwp%2Fv2%2Fmedia&parent=3954"}],"wp:term":[{"taxonomy":"category","embeddable":true,"href":"https:\/\/pp8.kluczbork.pl\/index.php?rest_route=%2Fwp%2Fv2%2Fcategories&post=3954"},{"taxonomy":"post_tag","embeddable":true,"href":"https:\/\/pp8.kluczbork.pl\/index.php?rest_route=%2Fwp%2Fv2%2Ftags&post=3954"}],"curies":[{"name":"wp","href":"https:\/\/api.w.org\/{rel}","templated":true}]}}