{"id":3947,"date":"2023-04-02T19:27:16","date_gmt":"2023-04-02T19:27:16","guid":{"rendered":"https:\/\/pp8.kluczbork.pl\/?p=3947"},"modified":"2023-04-10T18:24:19","modified_gmt":"2023-04-10T18:24:19","slug":"spotkanie-z-pania-pielegniarka-2","status":"publish","type":"post","link":"https:\/\/pp8.kluczbork.pl\/?p=3947","title":{"rendered":"Spotkanie z Pani\u0105 Piel\u0119gniark\u0105"},"content":{"rendered":"<p>&nbsp;<\/p>\n<p><span style=\"font-family: 'comic sans ms', sans-serif;color: #ff6600;font-size: 14pt\">We wtorek, 14 Marca, w naszym przedszkolu odby\u0142o si\u0119 spotkanie z Pani\u0105 Piel\u0119gniark\u0105, kt\u00f3ra przyby\u0142a, aby przeprowadzi\u0107 kr\u00f3tk\u0105 prelekcj\u0119 na temat zdrowego stylu \u017cycia oraz udzieli\u0107 informacji na temat podstawowych zasad higieny osobistej.<\/span><\/p>\n<p><span style=\"font-family: 'comic sans ms', sans-serif;color: #0000ff;font-size: 14pt\">W trakcie spotkania pani piel\u0119gniarka om\u00f3wi\u0142a zagadnienia zwi\u0105zane z prawid\u0142ow\u0105 diet\u0105, aktywno\u015bci\u0105 fizyczn\u0105 oraz higien\u0105 osobist\u0105. Wskaza\u0142a na korzy\u015bci p\u0142yn\u0105ce z regularnego spo\u017cywania warzyw i owoc\u00f3w, unikania t\u0142ustych i s\u0142odkich przek\u0105sek oraz przebywania na \u015bwie\u017cym powietrzu. Podkre\u015bli\u0142a r\u00f3wnie\u017c wa\u017cno\u015b\u0107 dbania o higien\u0119 osobist\u0105, tak\u0105 jak mycie r\u0105k czy regularne szczotkowanie z\u0119b\u00f3w.<\/span><\/p>\n<p><span style=\"font-family: 'comic sans ms', sans-serif;color: #339966;font-size: 14pt\">Na zako\u0144czenie spotkania nasz go\u015b\u0107 odpowiada\u0142 na pytania dzieci, dotycz\u0105ce swojego zawodu.<\/span><\/p>\n<p><span style=\"font-family: 'comic sans ms', sans-serif;color: #ff0000;font-size: 14pt\">Spotkanie z Pani\u0105 Piel\u0119gniark\u0105 by\u0142o bardzo ciekawe i pouczaj\u0105ce oraz pozwoli\u0142o na zaspokojenie ciekawo\u015bci naszych ma\u0142ych przedszkolak\u00f3w.<\/span><\/p>\n<p style=\"text-align: center\"><img loading=\"lazy\" decoding=\"async\" class=\"alignnone wp-image-3949 size-full\" src=\"https:\/\/pp8.kluczbork.pl\/wp-content\/uploads\/2023\/04\/Spotkanie-z-Pielegniarka.png\" alt=\"\" width=\"693\" height=\"460\" srcset=\"https:\/\/pp8.kluczbork.pl\/wp-content\/uploads\/2023\/04\/Spotkanie-z-Pielegniarka.png 693w, https:\/\/pp8.kluczbork.pl\/wp-content\/uploads\/2023\/04\/Spotkanie-z-Pielegniarka-300x199.png 300w\" sizes=\"(max-width: 693px) 100vw, 693px\" \/><\/p>\n<p><span style=\"font-size: 14pt\"><a href=\"https:\/\/flic.kr\/s\/aHBqjAydeW\"><strong><span style=\"font-family: 'comic sans ms', sans-serif;color: #ff0000\">Zapraszamy do obejrzenia galerii<\/span><\/strong><\/a><\/span><\/p>\n","protected":false},"excerpt":{"rendered":"<p>&nbsp; We wtorek, 14 Marca, w naszym przedszkolu odby\u0142o si\u0119 spotkanie z Pani\u0105 Piel\u0119gniark\u0105, kt\u00f3ra przyby\u0142a, aby przeprowadzi\u0107 kr\u00f3tk\u0105 prelekcj\u0119 na temat zdrowego stylu \u017cycia oraz udzieli\u0107 informacji na temat podstawowych zasad higieny osobistej. W trakcie spotkania pani piel\u0119gniarka om\u00f3wi\u0142a zagadnienia zwi\u0105zane z prawid\u0142ow\u0105 diet\u0105, aktywno\u015bci\u0105 fizyczn\u0105 oraz higien\u0105 osobist\u0105. [&hellip;]<\/p>\n","protected":false},"author":11,"featured_media":3856,"comment_status":"open","ping_status":"open","sticky":false,"template":"","format":"standard","meta":{"ngg_post_thumbnail":0,"footnotes":""},"categories":[28],"tags":[],"_links":{"self":[{"href":"https:\/\/pp8.kluczbork.pl\/index.php?rest_route=\/wp\/v2\/posts\/3947"}],"collection":[{"href":"https:\/\/pp8.kluczbork.pl\/index.php?rest_route=\/wp\/v2\/posts"}],"about":[{"href":"https:\/\/pp8.kluczbork.pl\/index.php?rest_route=\/wp\/v2\/types\/post"}],"author":[{"embeddable":true,"href":"https:\/\/pp8.kluczbork.pl\/index.php?rest_route=\/wp\/v2\/users\/11"}],"replies":[{"embeddable":true,"href":"https:\/\/pp8.kluczbork.pl\/index.php?rest_route=%2Fwp%2Fv2%2Fcomments&post=3947"}],"version-history":[{"count":4,"href":"https:\/\/pp8.kluczbork.pl\/index.php?rest_route=\/wp\/v2\/posts\/3947\/revisions"}],"predecessor-version":[{"id":4075,"href":"https:\/\/pp8.kluczbork.pl\/index.php?rest_route=\/wp\/v2\/posts\/3947\/revisions\/4075"}],"wp:featuredmedia":[{"embeddable":true,"href":"https:\/\/pp8.kluczbork.pl\/index.php?rest_route=\/wp\/v2\/media\/3856"}],"wp:attachment":[{"href":"https:\/\/pp8.kluczbork.pl\/index.php?rest_route=%2Fwp%2Fv2%2Fmedia&parent=3947"}],"wp:term":[{"taxonomy":"category","embeddable":true,"href":"https:\/\/pp8.kluczbork.pl\/index.php?rest_route=%2Fwp%2Fv2%2Fcategories&post=3947"},{"taxonomy":"post_tag","embeddable":true,"href":"https:\/\/pp8.kluczbork.pl\/index.php?rest_route=%2Fwp%2Fv2%2Ftags&post=3947"}],"curies":[{"name":"wp","href":"https:\/\/api.w.org\/{rel}","templated":true}]}}