{"id":3942,"date":"2023-03-30T15:09:05","date_gmt":"2023-03-30T15:09:05","guid":{"rendered":"https:\/\/pp8.kluczbork.pl\/?p=3942"},"modified":"2023-03-30T15:10:07","modified_gmt":"2023-03-30T15:10:07","slug":"xiii-gminny-quiz-przyrodniczy-zielona-dlon","status":"publish","type":"post","link":"https:\/\/pp8.kluczbork.pl\/?p=3942","title":{"rendered":"XIII Gminny Quiz Przyrodniczy \u201eZielona d\u0142o\u0144\u201d"},"content":{"rendered":"<p><span style=\"font-family: 'comic sans ms', sans-serif; font-size: 14pt;\"><span style=\"color: #008000;\">W dniu 28 marca 2023 r. reprezentacja z naszego przedszkola bra\u0142a udzia\u0142 w XIII Gminnym Quizie Przyrodniczym &#8222;Zielona D\u0142o\u0144&#8221; pod has\u0142em &#8222;Podr\u00f3\u017c do krainy \u017cywio\u0142\u00f3w&#8221; organizowanym przez Publiczne Przedszkole nr 7 w Kluczborku. Nasze przedszkolaki \u015bwietnie poradzi\u0142y sobie z ka\u017cdym konkursowym zadaniem, a przy okazji dobrze si\u0119 przy tym bawi\u0142y<br \/>\ni dowiedzia\u0142y si\u0119 wiele ciekawych rzeczy na temat czterech \u017cywio\u0142\u00f3w.<\/span>&nbsp;<\/span><\/p>\n<p><span style=\"font-family: 'comic sans ms', sans-serif; color: #3366ff; font-size: 14pt;\">Podczas konkursu mogli\u015bmy r\u00f3wnie\u017c obejrze\u0107 wystaw\u0119 prac plastycznych wykonane przez nasze przedszkolaki na konkurs pt. &#8222;Podr\u00f3\u017c przez cztery \u017cywio\u0142y &#8211; woda, powietrze, ogie\u0144, ziemia.&nbsp;<\/span><\/p>\n<p><span style=\"font-family: 'comic sans ms', sans-serif; color: #ff6600; font-size: 14pt;\">Gratulacje dla Izy, Hani, Julii, Leny, Viktorii, Artema, Nikoli oraz wszystkich przedszkolak\u00f3w, kt\u00f3rzy brali udzia\u0142<br \/>\nw konkursie i \u017cyczymy dalszych sukces\u00f3w.<\/span><\/p>\n<p><a href=\"https:\/\/flic.kr\/s\/aHBqjAxNLZ\" target=\"_blank\" rel=\"noopener\"><strong><span style=\"font-family: 'comic sans ms', sans-serif; color: #ff0000; font-size: 14pt;\">Galeria zdj\u0119\u0107<\/span><\/strong><\/a><\/p>\n","protected":false},"excerpt":{"rendered":"<p>W dniu 28 marca 2023 r. reprezentacja z naszego przedszkola bra\u0142a udzia\u0142 w XIII Gminnym Quizie Przyrodniczym &#8222;Zielona D\u0142o\u0144&#8221; pod has\u0142em &#8222;Podr\u00f3\u017c do krainy \u017cywio\u0142\u00f3w&#8221; organizowanym przez Publiczne Przedszkole nr 7 w Kluczborku. Nasze przedszkolaki \u015bwietnie poradzi\u0142y sobie z ka\u017cdym konkursowym zadaniem, a przy okazji dobrze si\u0119 przy tym bawi\u0142y [&hellip;]<\/p>\n","protected":false},"author":15,"featured_media":3943,"comment_status":"open","ping_status":"open","sticky":false,"template":"","format":"standard","meta":{"ngg_post_thumbnail":0,"footnotes":""},"categories":[29,30,275],"tags":[],"_links":{"self":[{"href":"https:\/\/pp8.kluczbork.pl\/index.php?rest_route=\/wp\/v2\/posts\/3942"}],"collection":[{"href":"https:\/\/pp8.kluczbork.pl\/index.php?rest_route=\/wp\/v2\/posts"}],"about":[{"href":"https:\/\/pp8.kluczbork.pl\/index.php?rest_route=\/wp\/v2\/types\/post"}],"author":[{"embeddable":true,"href":"https:\/\/pp8.kluczbork.pl\/index.php?rest_route=\/wp\/v2\/users\/15"}],"replies":[{"embeddable":true,"href":"https:\/\/pp8.kluczbork.pl\/index.php?rest_route=%2Fwp%2Fv2%2Fcomments&post=3942"}],"version-history":[{"count":2,"href":"https:\/\/pp8.kluczbork.pl\/index.php?rest_route=\/wp\/v2\/posts\/3942\/revisions"}],"predecessor-version":[{"id":3945,"href":"https:\/\/pp8.kluczbork.pl\/index.php?rest_route=\/wp\/v2\/posts\/3942\/revisions\/3945"}],"wp:featuredmedia":[{"embeddable":true,"href":"https:\/\/pp8.kluczbork.pl\/index.php?rest_route=\/wp\/v2\/media\/3943"}],"wp:attachment":[{"href":"https:\/\/pp8.kluczbork.pl\/index.php?rest_route=%2Fwp%2Fv2%2Fmedia&parent=3942"}],"wp:term":[{"taxonomy":"category","embeddable":true,"href":"https:\/\/pp8.kluczbork.pl\/index.php?rest_route=%2Fwp%2Fv2%2Fcategories&post=3942"},{"taxonomy":"post_tag","embeddable":true,"href":"https:\/\/pp8.kluczbork.pl\/index.php?rest_route=%2Fwp%2Fv2%2Ftags&post=3942"}],"curies":[{"name":"wp","href":"https:\/\/api.w.org\/{rel}","templated":true}]}}