{"id":3907,"date":"2023-03-27T21:21:55","date_gmt":"2023-03-27T21:21:55","guid":{"rendered":"https:\/\/pp8.kluczbork.pl\/?p=3907"},"modified":"2023-03-27T21:21:55","modified_gmt":"2023-03-27T21:21:55","slug":"dzien-wiosny-2","status":"publish","type":"post","link":"https:\/\/pp8.kluczbork.pl\/?p=3907","title":{"rendered":"Dzie\u0144 Wiosny"},"content":{"rendered":"<p><span style=\"font-size: medium\"><span style=\"color: #000000\"><strong>WIOSNA IDZIE<\/strong>\u00a0\u00a0\u00a0\u00a0\u00a0\u00a0<\/span><\/span><em><span style=\"color: #000000;font-size: medium\">Ewa Szelburg &#8211; Zarembina<\/span><\/em><\/p>\n<p><span style=\"font-size: medium\"><span style=\"color: #000000\">Przylecia\u0142y skowroneczki<br \/>\nz radosn\u0105 nowin\u0105,<br \/>\nza\u015bpiewa\u0142y, zawo\u0142a\u0142y<br \/>\nponad ozimin\u0105:<br \/>\n&#8211; Idzie wiosna! Wiosna idzie!<br \/>\n\u015aniegi w polu gin\u0105!<\/p>\n<p>Przylecia\u0142y bocianiska<br \/>\nw bielutkich kapotach,<br \/>\nklekota\u0142y, og\u0142asza\u0142y<br \/>\nna wysokich p\u0142otach:<br \/>\n&#8211; Wiosna! Wiosna idzie!<br \/>\nPo \u0142\u0105kowych b\u0142otach!<\/p>\n<p>Przylecia\u0142y jask\u00f3\u0142eczki<br \/>\nko\u0142em ko\u0142uj\u0105ce,<br \/>\nfiglowa\u0142y, \u015bwiergota\u0142y<br \/>\nrado\u015bnie krzycz\u0105ce:<br \/>\n&#8211; Idzie wiosna! Wiosna idzie!<br \/>\nProwadzi j\u0105 s\u0142o\u0144ce! <a href=\"https:\/\/flic.kr\/s\/aHBqjAxwmM\">LINK DO ZDJ\u0118\u0106<\/a><br \/>\n<\/span><\/span><\/p>\n<p>&nbsp;<\/p>\n","protected":false},"excerpt":{"rendered":"<p>WIOSNA IDZIE\u00a0\u00a0\u00a0\u00a0\u00a0\u00a0Ewa Szelburg &#8211; Zarembina Przylecia\u0142y skowroneczki z radosn\u0105 nowin\u0105, za\u015bpiewa\u0142y, zawo\u0142a\u0142y ponad ozimin\u0105: &#8211; Idzie wiosna! Wiosna idzie! \u015aniegi w polu gin\u0105! Przylecia\u0142y bocianiska w bielutkich kapotach, klekota\u0142y, og\u0142asza\u0142y na wysokich p\u0142otach: &#8211; Wiosna! Wiosna idzie! Po \u0142\u0105kowych b\u0142otach! Przylecia\u0142y jask\u00f3\u0142eczki ko\u0142em ko\u0142uj\u0105ce, figlowa\u0142y, \u015bwiergota\u0142y rado\u015bnie krzycz\u0105ce: &#8211; Idzie [&hellip;]<\/p>\n","protected":false},"author":18,"featured_media":3908,"comment_status":"open","ping_status":"open","sticky":false,"template":"","format":"standard","meta":{"ngg_post_thumbnail":0,"footnotes":""},"categories":[26],"tags":[],"_links":{"self":[{"href":"https:\/\/pp8.kluczbork.pl\/index.php?rest_route=\/wp\/v2\/posts\/3907"}],"collection":[{"href":"https:\/\/pp8.kluczbork.pl\/index.php?rest_route=\/wp\/v2\/posts"}],"about":[{"href":"https:\/\/pp8.kluczbork.pl\/index.php?rest_route=\/wp\/v2\/types\/post"}],"author":[{"embeddable":true,"href":"https:\/\/pp8.kluczbork.pl\/index.php?rest_route=\/wp\/v2\/users\/18"}],"replies":[{"embeddable":true,"href":"https:\/\/pp8.kluczbork.pl\/index.php?rest_route=%2Fwp%2Fv2%2Fcomments&post=3907"}],"version-history":[{"count":1,"href":"https:\/\/pp8.kluczbork.pl\/index.php?rest_route=\/wp\/v2\/posts\/3907\/revisions"}],"predecessor-version":[{"id":3909,"href":"https:\/\/pp8.kluczbork.pl\/index.php?rest_route=\/wp\/v2\/posts\/3907\/revisions\/3909"}],"wp:featuredmedia":[{"embeddable":true,"href":"https:\/\/pp8.kluczbork.pl\/index.php?rest_route=\/wp\/v2\/media\/3908"}],"wp:attachment":[{"href":"https:\/\/pp8.kluczbork.pl\/index.php?rest_route=%2Fwp%2Fv2%2Fmedia&parent=3907"}],"wp:term":[{"taxonomy":"category","embeddable":true,"href":"https:\/\/pp8.kluczbork.pl\/index.php?rest_route=%2Fwp%2Fv2%2Fcategories&post=3907"},{"taxonomy":"post_tag","embeddable":true,"href":"https:\/\/pp8.kluczbork.pl\/index.php?rest_route=%2Fwp%2Fv2%2Ftags&post=3907"}],"curies":[{"name":"wp","href":"https:\/\/api.w.org\/{rel}","templated":true}]}}