{"id":3903,"date":"2023-03-27T16:37:39","date_gmt":"2023-03-27T16:37:39","guid":{"rendered":"https:\/\/pp8.kluczbork.pl\/?p=3903"},"modified":"2023-03-27T16:37:39","modified_gmt":"2023-03-27T16:37:39","slug":"odwiedziny-pani-lesnik","status":"publish","type":"post","link":"https:\/\/pp8.kluczbork.pl\/?p=3903","title":{"rendered":"Odwiedziny pani le\u015bnik."},"content":{"rendered":"<p><span style=\"color: #008000\"><strong><span style=\"font-family: 'comic sans ms', sans-serif;font-size: 12pt\">Spotkanie z pani\u0105 le\u015bnik.<\/span><\/strong><\/span><br \/>\n<span style=\"color: #008000\"><strong><span style=\"font-family: 'comic sans ms', sans-serif;font-size: 12pt\">W \u015brod\u0119, 22.03. 2023r, w naszym przedszkolu odby\u0142o si\u0119 spotkanie z pracownikiem Nadle\u015bnictwa<\/span><\/strong><\/span><br \/>\n<span style=\"color: #008000\"><strong><span style=\"font-family: 'comic sans ms', sans-serif;font-size: 12pt\">Kluczbork\u2013 odwiedzi\u0142a nas pani le\u015bnik. By\u0142o to dla dzieci bardzo ciekawe do\u015bwiadczenie.<\/span><\/strong><\/span><br \/>\n<span style=\"color: #008000\"><strong><span style=\"font-family: 'comic sans ms', sans-serif;font-size: 12pt\">Przede wszystkim dostarczy\u0142o im wielu nowych informacji na temat funkcjonowania las\u00f3w,<\/span><\/strong><\/span><br \/>\n<span style=\"color: #008000\"><strong><span style=\"font-family: 'comic sans ms', sans-serif;font-size: 12pt\">sposobu ich powstania oraz zasad piel\u0119gnacji a tak\u017ce mo\u017ce i co najwa\u017cniejsze na temat \u017cyj\u0105cych w nich zwierz\u0105t.<\/span><\/strong><\/span><br \/>\n<span style=\"color: #008000\"><strong><span style=\"font-family: 'comic sans ms', sans-serif;font-size: 12pt\">Dzieci zapozna\u0142y si\u0119 r\u00f3wnie\u017c ze specyfik\u0105 pracy le\u015bnik\u00f3w. <\/span><\/strong><\/span><br \/>\n<span style=\"color: #008000\"><strong><span style=\"font-family: 'comic sans ms', sans-serif;font-size: 12pt\">Jeste\u015bmy wdzi\u0119czni naszemu go\u015bciowi za przybycie i mianowanie nas na &#8222;Przyjaciela Przyrody&#8221;.<\/span><\/strong><\/span><\/p>\n<p><a href=\"https:\/\/flic.kr\/s\/aHBqjAxo91\"><span style=\"color: #ff6600\"><strong><span style=\"font-family: 'comic sans ms', sans-serif;font-size: 12pt\">Galeria zdj\u0119\u0107:<\/span><\/strong><\/span><\/a><\/p>\n","protected":false},"excerpt":{"rendered":"<p>Spotkanie z pani\u0105 le\u015bnik. W \u015brod\u0119, 22.03. 2023r, w naszym przedszkolu odby\u0142o si\u0119 spotkanie z pracownikiem Nadle\u015bnictwa Kluczbork\u2013 odwiedzi\u0142a nas pani le\u015bnik. By\u0142o to dla dzieci bardzo ciekawe do\u015bwiadczenie. Przede wszystkim dostarczy\u0142o im wielu nowych informacji na temat funkcjonowania las\u00f3w, sposobu ich powstania oraz zasad piel\u0119gnacji a tak\u017ce mo\u017ce i [&hellip;]<\/p>\n","protected":false},"author":3,"featured_media":3904,"comment_status":"open","ping_status":"open","sticky":false,"template":"","format":"standard","meta":{"ngg_post_thumbnail":0,"footnotes":""},"categories":[30],"tags":[],"_links":{"self":[{"href":"https:\/\/pp8.kluczbork.pl\/index.php?rest_route=\/wp\/v2\/posts\/3903"}],"collection":[{"href":"https:\/\/pp8.kluczbork.pl\/index.php?rest_route=\/wp\/v2\/posts"}],"about":[{"href":"https:\/\/pp8.kluczbork.pl\/index.php?rest_route=\/wp\/v2\/types\/post"}],"author":[{"embeddable":true,"href":"https:\/\/pp8.kluczbork.pl\/index.php?rest_route=\/wp\/v2\/users\/3"}],"replies":[{"embeddable":true,"href":"https:\/\/pp8.kluczbork.pl\/index.php?rest_route=%2Fwp%2Fv2%2Fcomments&post=3903"}],"version-history":[{"count":1,"href":"https:\/\/pp8.kluczbork.pl\/index.php?rest_route=\/wp\/v2\/posts\/3903\/revisions"}],"predecessor-version":[{"id":3905,"href":"https:\/\/pp8.kluczbork.pl\/index.php?rest_route=\/wp\/v2\/posts\/3903\/revisions\/3905"}],"wp:featuredmedia":[{"embeddable":true,"href":"https:\/\/pp8.kluczbork.pl\/index.php?rest_route=\/wp\/v2\/media\/3904"}],"wp:attachment":[{"href":"https:\/\/pp8.kluczbork.pl\/index.php?rest_route=%2Fwp%2Fv2%2Fmedia&parent=3903"}],"wp:term":[{"taxonomy":"category","embeddable":true,"href":"https:\/\/pp8.kluczbork.pl\/index.php?rest_route=%2Fwp%2Fv2%2Fcategories&post=3903"},{"taxonomy":"post_tag","embeddable":true,"href":"https:\/\/pp8.kluczbork.pl\/index.php?rest_route=%2Fwp%2Fv2%2Ftags&post=3903"}],"curies":[{"name":"wp","href":"https:\/\/api.w.org\/{rel}","templated":true}]}}