{"id":3901,"date":"2023-03-27T15:57:30","date_gmt":"2023-03-27T15:57:30","guid":{"rendered":"https:\/\/pp8.kluczbork.pl\/?p=3901"},"modified":"2023-03-27T15:57:30","modified_gmt":"2023-03-27T15:57:30","slug":"dzien-wiosny","status":"publish","type":"post","link":"https:\/\/pp8.kluczbork.pl\/?p=3901","title":{"rendered":"Dzie\u0144 Wiosny"},"content":{"rendered":"<blockquote class=\"wp-block-quote\"><p><span style=\"color: #008000\">Pierwszy obudzi\u0142 si\u0119 pierwiosnek.<\/span><br \/>\n<span style=\"color: #008000\">Potem chocho\u0142y spad\u0142y z r\u00f3\u017c.<\/span><br \/>\n<span style=\"color: #008000\">Skowronek \u015bpiewem wo\u0142a\u0142 wiosn\u0119,<\/span><br \/>\n<span style=\"color: #008000\">\u017ceby na pole wysz\u0142a ju\u017c!<\/span><\/p>\n<p><span style=\"color: #008000\">Bo zima, bo zima ka\u017cdemu obrzyd\u0142a.<\/span><br \/>\n<span style=\"color: #008000\">Niech s\u0142o\u0144ce da jej pstryczka w nos!<\/span><br \/>\n<span style=\"color: #008000\">Niech wiosn\u0119, niech wiosn\u0119 przynios\u0105 na skrzyd\u0142ach<\/span><br \/>\n<span style=\"color: #008000\">bociek, jask\u00f3\u0142ka, szpak i kos.<\/span><\/p>\n<p><span style=\"color: #008000\">Z\u0142oto b\u0142ysn\u0119\u0142o na leszczynach.<\/span><br \/>\n<span style=\"color: #008000\">Zapach obudzi\u0142 senny ul.<\/span><br \/>\n<span style=\"color: #008000\">Wiosenn\u0105 ork\u0119 chc\u0105 zaczyna\u0107<\/span><br \/>\n<span style=\"color: #008000\">g\u0142odne gawrony z pustych p\u00f3l<\/span><\/p>\n<p><span style=\"color: #008000\"><cite>WKR\u00d3TCE WIOSNA\u00a0\u00a0Barbara Lewandowska<\/cite><\/span><\/p>\n<p>Link do galerii zdj\u0119\u0107:<a href=\"https:\/\/www.flickr.com\/gp\/190489758@N05\/r0ZhkM77w2\">https:\/\/www.flickr.com\/gp\/190489758@N05\/r0ZhkM77w<\/a><!--more--><\/p><\/blockquote>\n","protected":false},"excerpt":{"rendered":"<p>Pierwszy obudzi\u0142 si\u0119 pierwiosnek. Potem chocho\u0142y spad\u0142y z r\u00f3\u017c. Skowronek \u015bpiewem wo\u0142a\u0142 wiosn\u0119, \u017ceby na pole wysz\u0142a ju\u017c! Bo zima, bo zima ka\u017cdemu obrzyd\u0142a. Niech s\u0142o\u0144ce da jej pstryczka w nos! Niech wiosn\u0119, niech wiosn\u0119 przynios\u0105 na skrzyd\u0142ach bociek, jask\u00f3\u0142ka, szpak i kos. Z\u0142oto b\u0142ysn\u0119\u0142o na leszczynach. Zapach obudzi\u0142 senny [&hellip;]<\/p>\n","protected":false},"author":7,"featured_media":3859,"comment_status":"open","ping_status":"open","sticky":false,"template":"","format":"standard","meta":{"ngg_post_thumbnail":0,"footnotes":""},"categories":[24],"tags":[],"_links":{"self":[{"href":"https:\/\/pp8.kluczbork.pl\/index.php?rest_route=\/wp\/v2\/posts\/3901"}],"collection":[{"href":"https:\/\/pp8.kluczbork.pl\/index.php?rest_route=\/wp\/v2\/posts"}],"about":[{"href":"https:\/\/pp8.kluczbork.pl\/index.php?rest_route=\/wp\/v2\/types\/post"}],"author":[{"embeddable":true,"href":"https:\/\/pp8.kluczbork.pl\/index.php?rest_route=\/wp\/v2\/users\/7"}],"replies":[{"embeddable":true,"href":"https:\/\/pp8.kluczbork.pl\/index.php?rest_route=%2Fwp%2Fv2%2Fcomments&post=3901"}],"version-history":[{"count":1,"href":"https:\/\/pp8.kluczbork.pl\/index.php?rest_route=\/wp\/v2\/posts\/3901\/revisions"}],"predecessor-version":[{"id":3902,"href":"https:\/\/pp8.kluczbork.pl\/index.php?rest_route=\/wp\/v2\/posts\/3901\/revisions\/3902"}],"wp:featuredmedia":[{"embeddable":true,"href":"https:\/\/pp8.kluczbork.pl\/index.php?rest_route=\/wp\/v2\/media\/3859"}],"wp:attachment":[{"href":"https:\/\/pp8.kluczbork.pl\/index.php?rest_route=%2Fwp%2Fv2%2Fmedia&parent=3901"}],"wp:term":[{"taxonomy":"category","embeddable":true,"href":"https:\/\/pp8.kluczbork.pl\/index.php?rest_route=%2Fwp%2Fv2%2Fcategories&post=3901"},{"taxonomy":"post_tag","embeddable":true,"href":"https:\/\/pp8.kluczbork.pl\/index.php?rest_route=%2Fwp%2Fv2%2Ftags&post=3901"}],"curies":[{"name":"wp","href":"https:\/\/api.w.org\/{rel}","templated":true}]}}