{"id":3864,"date":"2023-03-22T19:20:41","date_gmt":"2023-03-22T19:20:41","guid":{"rendered":"https:\/\/pp8.kluczbork.pl\/?p=3864"},"modified":"2023-03-22T19:20:41","modified_gmt":"2023-03-22T19:20:41","slug":"pierwszy-dzien-wiosny","status":"publish","type":"post","link":"https:\/\/pp8.kluczbork.pl\/?p=3864","title":{"rendered":"Pierwszy Dzie\u0144 Wiosny"},"content":{"rendered":"<p style=\"text-align: center;\"><em><span style=\"font-size: 14pt;\"><strong><span style=\"font-family: 'comic sans ms', sans-serif; color: #99cc00;\">\u201dIdzie do na wiosna, weso\u0142a i radosna, u\u015bmiecha si\u0119 do dzieci,<br \/>\ni s\u0142oneczkiem \u015bwieci\u201d<\/span><\/strong><\/span><\/em><\/p>\n<p style=\"text-align: center;\"><span style=\"font-family: 'comic sans ms', sans-serif; color: #ff00ff;\">Budz\u0105ca si\u0119 do \u017cycia przyroda- pierwsze przebi\u015bniegi, krokusy, \u015bpiewaj\u0105ce skowronki&nbsp; przypominaj\u0105 nam&nbsp; o nadej\u015bciu nowej pory roku. Lada dzie\u0144 pojawi\u0105 si\u0119 bociany,&nbsp; us\u0142yszymy ich mi\u0142y klekot. Oficjalnie za pierwszy dzie\u0144 kalendarzowej wiosny uwa\u017cany jest&nbsp; 21 marca.<br \/>\nTa astronomiczna zaczyna si\u0119 w momencie gdy S\u0142o\u0144ce przekracza r\u00f3wnik. Jest to moment zwany przez astronom\u00f3w r\u00f3wnonoc\u0105 wiosenn\u0105 i przewa\u017cnie ma&nbsp; miejsce oko\u0142o 20 marca.<\/span><br \/>\n<span style=\"font-family: 'comic sans ms', sans-serif; color: #ff9900;\"><br \/>\nPierwszy dzie\u0144 wiosny &nbsp;jest jednym z bardziej wyczekiwanych dni w roku przez doros\u0142ych<br \/>\noraz dzieci. Nasze przedszkolaki zaakcentowa\u0142y ten dzie\u0144 barwnym korowodem.<br \/>\nDzieciom towarzyszy\u0142y kolorowe kwiaty,&nbsp; wiosenne ga\u0142\u0105zki oraz Marzanny.&nbsp;<\/span><\/p>\n<p style=\"text-align: center;\"><span style=\"font-size: 14pt; color: #339966;\"><strong><span style=\"font-family: 'comic sans ms', sans-serif;\">Z wiosennym pozdrowieniem!<\/span><\/strong><\/span><\/p>\n<p style=\"text-align: center;\"><a href=\"https:\/\/flic.kr\/s\/aHBqjAwQSG\" target=\"_blank\" rel=\"noopener\"><span style=\"font-size: 14pt; color: #ff0000;\"><strong>Galeria zdj\u0119\u0107<\/strong><\/span><\/a><\/p>\n","protected":false},"excerpt":{"rendered":"<p>\u201dIdzie do na wiosna, weso\u0142a i radosna, u\u015bmiecha si\u0119 do dzieci, i s\u0142oneczkiem \u015bwieci\u201d Budz\u0105ca si\u0119 do \u017cycia przyroda- pierwsze przebi\u015bniegi, krokusy, \u015bpiewaj\u0105ce skowronki&nbsp; przypominaj\u0105 nam&nbsp; o nadej\u015bciu nowej pory roku. Lada dzie\u0144 pojawi\u0105 si\u0119 bociany,&nbsp; us\u0142yszymy ich mi\u0142y klekot. Oficjalnie za pierwszy dzie\u0144 kalendarzowej wiosny uwa\u017cany jest&nbsp; 21 marca. [&hellip;]<\/p>\n","protected":false},"author":15,"featured_media":3859,"comment_status":"open","ping_status":"open","sticky":false,"template":"","format":"standard","meta":{"ngg_post_thumbnail":0,"footnotes":""},"categories":[29],"tags":[],"_links":{"self":[{"href":"https:\/\/pp8.kluczbork.pl\/index.php?rest_route=\/wp\/v2\/posts\/3864"}],"collection":[{"href":"https:\/\/pp8.kluczbork.pl\/index.php?rest_route=\/wp\/v2\/posts"}],"about":[{"href":"https:\/\/pp8.kluczbork.pl\/index.php?rest_route=\/wp\/v2\/types\/post"}],"author":[{"embeddable":true,"href":"https:\/\/pp8.kluczbork.pl\/index.php?rest_route=\/wp\/v2\/users\/15"}],"replies":[{"embeddable":true,"href":"https:\/\/pp8.kluczbork.pl\/index.php?rest_route=%2Fwp%2Fv2%2Fcomments&post=3864"}],"version-history":[{"count":1,"href":"https:\/\/pp8.kluczbork.pl\/index.php?rest_route=\/wp\/v2\/posts\/3864\/revisions"}],"predecessor-version":[{"id":3865,"href":"https:\/\/pp8.kluczbork.pl\/index.php?rest_route=\/wp\/v2\/posts\/3864\/revisions\/3865"}],"wp:featuredmedia":[{"embeddable":true,"href":"https:\/\/pp8.kluczbork.pl\/index.php?rest_route=\/wp\/v2\/media\/3859"}],"wp:attachment":[{"href":"https:\/\/pp8.kluczbork.pl\/index.php?rest_route=%2Fwp%2Fv2%2Fmedia&parent=3864"}],"wp:term":[{"taxonomy":"category","embeddable":true,"href":"https:\/\/pp8.kluczbork.pl\/index.php?rest_route=%2Fwp%2Fv2%2Fcategories&post=3864"},{"taxonomy":"post_tag","embeddable":true,"href":"https:\/\/pp8.kluczbork.pl\/index.php?rest_route=%2Fwp%2Fv2%2Ftags&post=3864"}],"curies":[{"name":"wp","href":"https:\/\/api.w.org\/{rel}","templated":true}]}}