{"id":3858,"date":"2023-03-22T18:12:15","date_gmt":"2023-03-22T18:12:15","guid":{"rendered":"https:\/\/pp8.kluczbork.pl\/?p=3858"},"modified":"2023-03-22T18:12:15","modified_gmt":"2023-03-22T18:12:15","slug":"zegnaj-zimo-witaj-wiosno","status":"publish","type":"post","link":"https:\/\/pp8.kluczbork.pl\/?p=3858","title":{"rendered":"\u201e\u017begnaj zimo \u2013 witaj wiosno\u201d"},"content":{"rendered":"<p><span style=\"font-family: 'comic sans ms', sans-serif;color: #000080\">Po d\u0142ugiej i mro\u017anej zimie w ko\u0144cu powitali\u015bmy wiosn\u0119. <\/span><br \/>\n<span style=\"font-family: 'comic sans ms', sans-serif;color: #000080\">Dla wszystkich przedszkolak\u00f3w to znak, \u017ce coraz bli\u017cej lato. <\/span><br \/>\n<span style=\"font-family: 'comic sans ms', sans-serif;color: #000080\">Wszyscy mamy do\u015b\u0107 zimnych porank\u00f3w i wielu chor\u00f3b, kt\u00f3re psuj\u0105 humory dzieci i sp\u0119dzaj\u0105 sen z powiek rodzic\u00f3w.<\/span><br \/>\n<span style=\"font-family: 'comic sans ms', sans-serif;color: #000080\">Chcemy ciep\u0142a, kwiat\u00f3w, zielonych drzew i \u015bpiewaj\u0105cych ptak\u00f3w!!!<\/span><br \/>\n<span style=\"font-family: 'comic sans ms', sans-serif;color: #000080\">I dlatego pierwszego dnia kalendarzowej wiosny czyli 21 marca wszystkie grupy uczestniczy\u0142y w uroczysto\u015bci<\/span><br \/>\n<span style=\"font-family: 'comic sans ms', sans-serif;color: #000080\">pt \u201e\u017begnaj zimo \u2013 witaj wiosno\u201d. Nasze przedszkolaki ze wszystkich grup razem ze swoimi Paniami <\/span><br \/>\n<span style=\"font-family: 'comic sans ms', sans-serif;color: #000080\">wyruszy\u0142y barwnym korowodem ulicami naszego osiedla ze swoimi Marzannami i piosenk\u0105 na ustach.<\/span><br \/>\n<span style=\"font-family: 'comic sans ms', sans-serif;color: #000080\">Po powrocie do przedszkolnego ogrodu, przegnali\u015bmy zim\u0119 a\u017c do nast\u0119pnego razu.<\/span><br \/>\n<a href=\"https:\/\/www.flickr.com\/gp\/197941864@N07\/2G54z4f214\"><span style=\"color: #ff6600\"><strong><span style=\"font-family: 'comic sans ms', sans-serif\">Galeria zdj\u0119\u0107:<\/span><\/strong><\/span><\/a><\/p>\n","protected":false},"excerpt":{"rendered":"<p>Po d\u0142ugiej i mro\u017anej zimie w ko\u0144cu powitali\u015bmy wiosn\u0119. Dla wszystkich przedszkolak\u00f3w to znak, \u017ce coraz bli\u017cej lato. Wszyscy mamy do\u015b\u0107 zimnych porank\u00f3w i wielu chor\u00f3b, kt\u00f3re psuj\u0105 humory dzieci i sp\u0119dzaj\u0105 sen z powiek rodzic\u00f3w. Chcemy ciep\u0142a, kwiat\u00f3w, zielonych drzew i \u015bpiewaj\u0105cych ptak\u00f3w!!! I dlatego pierwszego dnia kalendarzowej wiosny [&hellip;]<\/p>\n","protected":false},"author":3,"featured_media":3859,"comment_status":"open","ping_status":"open","sticky":false,"template":"","format":"standard","meta":{"ngg_post_thumbnail":0,"footnotes":""},"categories":[30],"tags":[],"_links":{"self":[{"href":"https:\/\/pp8.kluczbork.pl\/index.php?rest_route=\/wp\/v2\/posts\/3858"}],"collection":[{"href":"https:\/\/pp8.kluczbork.pl\/index.php?rest_route=\/wp\/v2\/posts"}],"about":[{"href":"https:\/\/pp8.kluczbork.pl\/index.php?rest_route=\/wp\/v2\/types\/post"}],"author":[{"embeddable":true,"href":"https:\/\/pp8.kluczbork.pl\/index.php?rest_route=\/wp\/v2\/users\/3"}],"replies":[{"embeddable":true,"href":"https:\/\/pp8.kluczbork.pl\/index.php?rest_route=%2Fwp%2Fv2%2Fcomments&post=3858"}],"version-history":[{"count":1,"href":"https:\/\/pp8.kluczbork.pl\/index.php?rest_route=\/wp\/v2\/posts\/3858\/revisions"}],"predecessor-version":[{"id":3860,"href":"https:\/\/pp8.kluczbork.pl\/index.php?rest_route=\/wp\/v2\/posts\/3858\/revisions\/3860"}],"wp:featuredmedia":[{"embeddable":true,"href":"https:\/\/pp8.kluczbork.pl\/index.php?rest_route=\/wp\/v2\/media\/3859"}],"wp:attachment":[{"href":"https:\/\/pp8.kluczbork.pl\/index.php?rest_route=%2Fwp%2Fv2%2Fmedia&parent=3858"}],"wp:term":[{"taxonomy":"category","embeddable":true,"href":"https:\/\/pp8.kluczbork.pl\/index.php?rest_route=%2Fwp%2Fv2%2Fcategories&post=3858"},{"taxonomy":"post_tag","embeddable":true,"href":"https:\/\/pp8.kluczbork.pl\/index.php?rest_route=%2Fwp%2Fv2%2Ftags&post=3858"}],"curies":[{"name":"wp","href":"https:\/\/api.w.org\/{rel}","templated":true}]}}