{"id":3851,"date":"2023-03-22T17:43:53","date_gmt":"2023-03-22T17:43:53","guid":{"rendered":"https:\/\/pp8.kluczbork.pl\/?p=3851"},"modified":"2023-03-22T17:43:53","modified_gmt":"2023-03-22T17:43:53","slug":"kodowanie-na-dywanie-3","status":"publish","type":"post","link":"https:\/\/pp8.kluczbork.pl\/?p=3851","title":{"rendered":"Kodowanie na dywanie."},"content":{"rendered":"<p><span style=\"color: #003366\"><strong><span style=\"font-family: 'comic sans ms', sans-serif\">Roboty edukacyjne na zaj\u0119ciach dydaktycznych w przedszkolu u\u017cywane s\u0105 coraz<\/span><\/strong><\/span><br \/>\n<span style=\"color: #003366\"><strong><span style=\"font-family: 'comic sans ms', sans-serif\">cz\u0119\u015bciej, bo s\u0105 nie tylko \u015bwietn\u0105 zabaw\u0105 dla dzieci i uatrakcyjnieniem zaj\u0119\u0107,<\/span><\/strong><\/span><br \/>\n<span style=\"color: #003366\"><strong><span style=\"font-family: 'comic sans ms', sans-serif\">ale przede wszystkim oswajaj\u0105 najm\u0142odszych z nowymi technologiami<\/span><\/strong><\/span><br \/>\n<span style=\"color: #003366\"><strong><span style=\"font-family: 'comic sans ms', sans-serif\">w konstruktywny spos\u00f3b i podnosz\u0105 efektywno\u015b\u0107 nauki kodowania i programowania.<\/span><\/strong><\/span><\/p>\n<p><span style=\"color: #003366\"><strong><span style=\"font-family: 'comic sans ms', sans-serif\">Rozwijanie umiej\u0119tno\u015bci my\u015blenia logicznego, analitycznego, przyczynowo &#8211; skutkowego.<\/span><\/strong><\/span><br \/>\n<span style=\"color: #003366\"><strong><span style=\"font-family: 'comic sans ms', sans-serif\">Kszta\u0142towanie wyobra\u017ani przestrzennej, rozwijanie orientacji przestrzennej, <\/span><\/strong><\/span><br \/>\n<span style=\"color: #003366\"><strong><span style=\"font-family: 'comic sans ms', sans-serif\">percepcji wzrokowej, pami\u0119ci s\u0142uchowej, koordynacji wzrokowo-ruchowej.<\/span><\/strong><\/span><br \/>\n<span style=\"color: #003366\"><strong><span style=\"font-family: 'comic sans ms', sans-serif\">Doskonalenie umiej\u0119tno\u015bci skupienia uwagi, koncentracji, cierpliwo\u015bci.<\/span><\/strong><\/span><\/p>\n<p><a href=\"https:\/\/flic.kr\/s\/aHBqjAwKZP\"><span style=\"color: #ff6600\"><strong><span style=\"font-family: 'comic sans ms', sans-serif\">Galeria zdj\u0119\u0107:<\/span><\/strong><\/span><\/a><\/p>\n","protected":false},"excerpt":{"rendered":"<p>Roboty edukacyjne na zaj\u0119ciach dydaktycznych w przedszkolu u\u017cywane s\u0105 coraz cz\u0119\u015bciej, bo s\u0105 nie tylko \u015bwietn\u0105 zabaw\u0105 dla dzieci i uatrakcyjnieniem zaj\u0119\u0107, ale przede wszystkim oswajaj\u0105 najm\u0142odszych z nowymi technologiami w konstruktywny spos\u00f3b i podnosz\u0105 efektywno\u015b\u0107 nauki kodowania i programowania. Rozwijanie umiej\u0119tno\u015bci my\u015blenia logicznego, analitycznego, przyczynowo &#8211; skutkowego. Kszta\u0142towanie wyobra\u017ani [&hellip;]<\/p>\n","protected":false},"author":3,"featured_media":3852,"comment_status":"open","ping_status":"open","sticky":false,"template":"","format":"standard","meta":{"ngg_post_thumbnail":0,"footnotes":""},"categories":[30],"tags":[],"_links":{"self":[{"href":"https:\/\/pp8.kluczbork.pl\/index.php?rest_route=\/wp\/v2\/posts\/3851"}],"collection":[{"href":"https:\/\/pp8.kluczbork.pl\/index.php?rest_route=\/wp\/v2\/posts"}],"about":[{"href":"https:\/\/pp8.kluczbork.pl\/index.php?rest_route=\/wp\/v2\/types\/post"}],"author":[{"embeddable":true,"href":"https:\/\/pp8.kluczbork.pl\/index.php?rest_route=\/wp\/v2\/users\/3"}],"replies":[{"embeddable":true,"href":"https:\/\/pp8.kluczbork.pl\/index.php?rest_route=%2Fwp%2Fv2%2Fcomments&post=3851"}],"version-history":[{"count":1,"href":"https:\/\/pp8.kluczbork.pl\/index.php?rest_route=\/wp\/v2\/posts\/3851\/revisions"}],"predecessor-version":[{"id":3853,"href":"https:\/\/pp8.kluczbork.pl\/index.php?rest_route=\/wp\/v2\/posts\/3851\/revisions\/3853"}],"wp:featuredmedia":[{"embeddable":true,"href":"https:\/\/pp8.kluczbork.pl\/index.php?rest_route=\/wp\/v2\/media\/3852"}],"wp:attachment":[{"href":"https:\/\/pp8.kluczbork.pl\/index.php?rest_route=%2Fwp%2Fv2%2Fmedia&parent=3851"}],"wp:term":[{"taxonomy":"category","embeddable":true,"href":"https:\/\/pp8.kluczbork.pl\/index.php?rest_route=%2Fwp%2Fv2%2Fcategories&post=3851"},{"taxonomy":"post_tag","embeddable":true,"href":"https:\/\/pp8.kluczbork.pl\/index.php?rest_route=%2Fwp%2Fv2%2Ftags&post=3851"}],"curies":[{"name":"wp","href":"https:\/\/api.w.org\/{rel}","templated":true}]}}