{"id":3846,"date":"2023-03-20T13:15:30","date_gmt":"2023-03-20T13:15:30","guid":{"rendered":"https:\/\/pp8.kluczbork.pl\/?p=3846"},"modified":"2023-03-20T13:15:30","modified_gmt":"2023-03-20T13:15:30","slug":"dzien-dziewczynek-w-grupie-kubusie","status":"publish","type":"post","link":"https:\/\/pp8.kluczbork.pl\/?p=3846","title":{"rendered":"Dzie\u0144 Dziewczynek w Grupie Kubusie"},"content":{"rendered":"<p><img loading=\"lazy\" decoding=\"async\" class=\"aligncenter wp-image-3843 size-full\" src=\"https:\/\/pp8.kluczbork.pl\/wp-content\/uploads\/2023\/03\/IMG_8441.jpg\" alt=\"\" width=\"768\" height=\"438\" srcset=\"https:\/\/pp8.kluczbork.pl\/wp-content\/uploads\/2023\/03\/IMG_8441.jpg 768w, https:\/\/pp8.kluczbork.pl\/wp-content\/uploads\/2023\/03\/IMG_8441-300x171.jpg 300w\" sizes=\"(max-width: 768px) 100vw, 768px\" \/><\/p>\n<p style=\"text-align: center\"><strong><span style=\"font-family: 'comic sans ms', sans-serif;color: #ff0000\">Ka\u017cdy ch\u0142opak- jasna sprawa! O tym wa\u017cnym dniu pami\u0119ta,<\/span><\/strong><\/p>\n<p style=\"text-align: center\"><strong><span style=\"font-family: 'comic sans ms', sans-serif;color: #ff0000\">I dzi\u015b kilka s\u0142\u00f3w powiedzie\u0107 chce z okazji Waszego \u015awi\u0119ta.<\/span><\/strong><\/p>\n<p style=\"text-align: center\"><strong><span style=\"font-family: 'comic sans ms', sans-serif;color: #ff0000\">Zdrowia, szcz\u0119\u015bcia i u\u015bmiechu, nieko\u0144cz\u0105cej si\u0119 zabawy!<\/span><\/strong><\/p>\n<p style=\"text-align: center\"><strong><span style=\"font-family: 'comic sans ms', sans-serif;color: #ff0000\">\u017beby ka\u017cdy dzie\u0144 w przedszkolu by\u0142 niezwyk\u0142y i ciekawy!<\/span><\/strong><\/p>\n<p style=\"text-align: center\"><strong><span style=\"font-family: 'comic sans ms', sans-serif;color: #ff0000\">\u017beby \u015bwiat by\u0142 kolorowy, by marzenia si\u0119 spe\u0142nia\u0142y,<\/span><\/strong><\/p>\n<p style=\"text-align: center\"><strong><span style=\"font-family: 'comic sans ms', sans-serif;color: #ff0000\">I by ka\u017cdy wasz kolega by\u0142 dzi\u015b wyj\u0105tkowo mi\u0142y \ud83d\ude42<\/span><\/strong><\/p>\n<p style=\"text-align: center\"><strong><span style=\"font-family: 'comic sans ms', sans-serif;color: #ff0000\">Te \u017cyczenia, prosto z serca, z przyjemno\u015bci\u0105 wam sk\u0142adamy,<\/span><\/strong><\/p>\n<p style=\"text-align: center\"><strong><span style=\"font-family: 'comic sans ms', sans-serif;color: #ff0000\">I cieszymy si\u0119 ogromnie, \u017ce was w swojej grupie mamy!<\/span><\/strong><\/p>\n<p style=\"text-align: center\"><span style=\"font-family: 'comic sans ms', sans-serif;font-size: 12pt;color: #000080\"><strong>Wszystkim dziewczynkom z grupy Kubusie, \u017cyczenia sk\u0142adaj\u0105 ch\u0142opcy.<\/strong><\/span><\/p>\n<p>&nbsp;<\/p>\n<p><img loading=\"lazy\" decoding=\"async\" class=\"aligncenter wp-image-3844 size-large\" src=\"https:\/\/pp8.kluczbork.pl\/wp-content\/uploads\/2023\/03\/IMG_8458-1024x768.jpeg\" alt=\"\" width=\"1024\" height=\"768\" srcset=\"https:\/\/pp8.kluczbork.pl\/wp-content\/uploads\/2023\/03\/IMG_8458-1024x768.jpeg 1024w, https:\/\/pp8.kluczbork.pl\/wp-content\/uploads\/2023\/03\/IMG_8458-300x225.jpeg 300w, https:\/\/pp8.kluczbork.pl\/wp-content\/uploads\/2023\/03\/IMG_8458-768x576.jpeg 768w, https:\/\/pp8.kluczbork.pl\/wp-content\/uploads\/2023\/03\/IMG_8458-1536x1152.jpeg 1536w, https:\/\/pp8.kluczbork.pl\/wp-content\/uploads\/2023\/03\/IMG_8458.jpeg 2048w\" sizes=\"(max-width: 1024px) 100vw, 1024px\" \/><\/p>\n<p style=\"padding-left: 40px\"><span style=\"font-size: 14pt;font-family: 'comic sans ms', sans-serif;color: #800000\"><strong><em>\u00a0 \u00a0 \u00a0 \u00a0Dzie\u0144 Kobiet i Dzie\u0144 Dziewczynek,<\/em><\/strong> obchodzony tradycyjnie <strong>8 Marca<\/strong>, by\u0142 wyj\u0105tkow\u0105 okazj\u0105 do uhonorowania wszystkich Kole\u017canek w grupie 5-latk\u00f3w <em><strong>Kubusie.<\/strong><\/em><\/span><\/p>\n<p style=\"padding-left: 40px\"><span style=\"font-size: 14pt;font-family: 'comic sans ms', sans-serif;color: #800000\">\u00a0 \u00a0 \u00a0 \u00a0 \u00a0 Z serdecznym u\u015bmiechem i nienagannymi manierami, ch\u0142opcy z\u0142o\u017cyli w tym uroczystym dniu serdeczne \u017cyczenia oraz wr\u0119czyli drobne upominki podkre\u015blaj\u0105c, \u017ce ka\u017cda kobieta jest wyj\u0105tkowa i warta szacunku, a Dzie\u0144 Dziewczynek to doskona\u0142a okazja, aby to podkre\u015bli\u0107 i uczci\u0107.<\/span><\/p>\n<p style=\"text-align: center\"><img loading=\"lazy\" decoding=\"async\" class=\"alignnone wp-image-3845 size-large\" src=\"https:\/\/pp8.kluczbork.pl\/wp-content\/uploads\/2023\/03\/IMG_8484-1024x768.jpeg\" alt=\"\" width=\"1024\" height=\"768\" srcset=\"https:\/\/pp8.kluczbork.pl\/wp-content\/uploads\/2023\/03\/IMG_8484-1024x768.jpeg 1024w, https:\/\/pp8.kluczbork.pl\/wp-content\/uploads\/2023\/03\/IMG_8484-300x225.jpeg 300w, https:\/\/pp8.kluczbork.pl\/wp-content\/uploads\/2023\/03\/IMG_8484-768x576.jpeg 768w, https:\/\/pp8.kluczbork.pl\/wp-content\/uploads\/2023\/03\/IMG_8484-1536x1152.jpeg 1536w, https:\/\/pp8.kluczbork.pl\/wp-content\/uploads\/2023\/03\/IMG_8484.jpeg 2048w\" sizes=\"(max-width: 1024px) 100vw, 1024px\" \/><\/p>\n<p>&nbsp;<\/p>\n<p><a href=\"https:\/\/flic.kr\/s\/aHBqjAwvKZ\">Zapraszamy do obejrzenia galerii zdj\u0119\u0107.<\/a><\/p>\n","protected":false},"excerpt":{"rendered":"<p>Ka\u017cdy ch\u0142opak- jasna sprawa! O tym wa\u017cnym dniu pami\u0119ta, I dzi\u015b kilka s\u0142\u00f3w powiedzie\u0107 chce z okazji Waszego \u015awi\u0119ta. Zdrowia, szcz\u0119\u015bcia i u\u015bmiechu, nieko\u0144cz\u0105cej si\u0119 zabawy! \u017beby ka\u017cdy dzie\u0144 w przedszkolu by\u0142 niezwyk\u0142y i ciekawy! \u017beby \u015bwiat by\u0142 kolorowy, by marzenia si\u0119 spe\u0142nia\u0142y, I by ka\u017cdy wasz kolega by\u0142 dzi\u015b [&hellip;]<\/p>\n","protected":false},"author":11,"featured_media":3845,"comment_status":"open","ping_status":"open","sticky":false,"template":"","format":"standard","meta":{"ngg_post_thumbnail":0,"footnotes":""},"categories":[28],"tags":[],"_links":{"self":[{"href":"https:\/\/pp8.kluczbork.pl\/index.php?rest_route=\/wp\/v2\/posts\/3846"}],"collection":[{"href":"https:\/\/pp8.kluczbork.pl\/index.php?rest_route=\/wp\/v2\/posts"}],"about":[{"href":"https:\/\/pp8.kluczbork.pl\/index.php?rest_route=\/wp\/v2\/types\/post"}],"author":[{"embeddable":true,"href":"https:\/\/pp8.kluczbork.pl\/index.php?rest_route=\/wp\/v2\/users\/11"}],"replies":[{"embeddable":true,"href":"https:\/\/pp8.kluczbork.pl\/index.php?rest_route=%2Fwp%2Fv2%2Fcomments&post=3846"}],"version-history":[{"count":2,"href":"https:\/\/pp8.kluczbork.pl\/index.php?rest_route=\/wp\/v2\/posts\/3846\/revisions"}],"predecessor-version":[{"id":3848,"href":"https:\/\/pp8.kluczbork.pl\/index.php?rest_route=\/wp\/v2\/posts\/3846\/revisions\/3848"}],"wp:featuredmedia":[{"embeddable":true,"href":"https:\/\/pp8.kluczbork.pl\/index.php?rest_route=\/wp\/v2\/media\/3845"}],"wp:attachment":[{"href":"https:\/\/pp8.kluczbork.pl\/index.php?rest_route=%2Fwp%2Fv2%2Fmedia&parent=3846"}],"wp:term":[{"taxonomy":"category","embeddable":true,"href":"https:\/\/pp8.kluczbork.pl\/index.php?rest_route=%2Fwp%2Fv2%2Fcategories&post=3846"},{"taxonomy":"post_tag","embeddable":true,"href":"https:\/\/pp8.kluczbork.pl\/index.php?rest_route=%2Fwp%2Fv2%2Ftags&post=3846"}],"curies":[{"name":"wp","href":"https:\/\/api.w.org\/{rel}","templated":true}]}}