{"id":3840,"date":"2023-03-19T17:04:33","date_gmt":"2023-03-19T17:04:33","guid":{"rendered":"https:\/\/pp8.kluczbork.pl\/?p=3840"},"modified":"2023-03-19T17:04:33","modified_gmt":"2023-03-19T17:04:33","slug":"dzien-kobiet-w-przedszkolu","status":"publish","type":"post","link":"https:\/\/pp8.kluczbork.pl\/?p=3840","title":{"rendered":"Dzie\u0144 Kobiet w przedszkolu"},"content":{"rendered":"<p style=\"text-align: center\"><span style=\"color: #008000\">Od najm\u0142odszych lat uczymy dzieci, aby pami\u0119ta\u0142y o wa\u017cnych uroczysto\u015bciach w \u017cyciu rodziny czy \u017cyciu przedszkola.<\/span><\/p>\n<p style=\"text-align: center\"><span style=\"color: #008000\">\u00a0R\u00f3wnie wa\u017cne jest wi\u0119c \u015awi\u0119to Kobiet, kt\u00f3re obchodzimy 8 marca. <\/span><\/p>\n<p style=\"text-align: center\"><span style=\"color: #008000\">Tego dnia ch\u0142opcy z\u0142o\u017cyli \u017cyczenia i wr\u0119czyli\u00a0 niespodzianki. Ch\u0142opcy ze szczeg\u00f3lnym zaanga\u017cowaniem starali si\u0119, aby ten dzie\u0144 uczyni\u0107 wyj\u0105tkowo mi\u0142ym.<\/span><\/p>\n<p><a href=\"https:\/\/flic.kr\/s\/aHBqjAuTnN\">Zdj\u0119cia<\/a><\/p>\n","protected":false},"excerpt":{"rendered":"<p>Od najm\u0142odszych lat uczymy dzieci, aby pami\u0119ta\u0142y o wa\u017cnych uroczysto\u015bciach w \u017cyciu rodziny czy \u017cyciu przedszkola. \u00a0R\u00f3wnie wa\u017cne jest wi\u0119c \u015awi\u0119to Kobiet, kt\u00f3re obchodzimy 8 marca. Tego dnia ch\u0142opcy z\u0142o\u017cyli \u017cyczenia i wr\u0119czyli\u00a0 niespodzianki. Ch\u0142opcy ze szczeg\u00f3lnym zaanga\u017cowaniem starali si\u0119, aby ten dzie\u0144 uczyni\u0107 wyj\u0105tkowo mi\u0142ym. Zdj\u0119cia<\/p>\n","protected":false},"author":4,"featured_media":3833,"comment_status":"open","ping_status":"open","sticky":false,"template":"","format":"standard","meta":{"ngg_post_thumbnail":0,"footnotes":""},"categories":[31],"tags":[],"_links":{"self":[{"href":"https:\/\/pp8.kluczbork.pl\/index.php?rest_route=\/wp\/v2\/posts\/3840"}],"collection":[{"href":"https:\/\/pp8.kluczbork.pl\/index.php?rest_route=\/wp\/v2\/posts"}],"about":[{"href":"https:\/\/pp8.kluczbork.pl\/index.php?rest_route=\/wp\/v2\/types\/post"}],"author":[{"embeddable":true,"href":"https:\/\/pp8.kluczbork.pl\/index.php?rest_route=\/wp\/v2\/users\/4"}],"replies":[{"embeddable":true,"href":"https:\/\/pp8.kluczbork.pl\/index.php?rest_route=%2Fwp%2Fv2%2Fcomments&post=3840"}],"version-history":[{"count":1,"href":"https:\/\/pp8.kluczbork.pl\/index.php?rest_route=\/wp\/v2\/posts\/3840\/revisions"}],"predecessor-version":[{"id":3841,"href":"https:\/\/pp8.kluczbork.pl\/index.php?rest_route=\/wp\/v2\/posts\/3840\/revisions\/3841"}],"wp:featuredmedia":[{"embeddable":true,"href":"https:\/\/pp8.kluczbork.pl\/index.php?rest_route=\/wp\/v2\/media\/3833"}],"wp:attachment":[{"href":"https:\/\/pp8.kluczbork.pl\/index.php?rest_route=%2Fwp%2Fv2%2Fmedia&parent=3840"}],"wp:term":[{"taxonomy":"category","embeddable":true,"href":"https:\/\/pp8.kluczbork.pl\/index.php?rest_route=%2Fwp%2Fv2%2Fcategories&post=3840"},{"taxonomy":"post_tag","embeddable":true,"href":"https:\/\/pp8.kluczbork.pl\/index.php?rest_route=%2Fwp%2Fv2%2Ftags&post=3840"}],"curies":[{"name":"wp","href":"https:\/\/api.w.org\/{rel}","templated":true}]}}