{"id":3824,"date":"2023-03-12T19:51:36","date_gmt":"2023-03-12T19:51:36","guid":{"rendered":"https:\/\/pp8.kluczbork.pl\/?p=3824"},"modified":"2023-03-12T19:51:36","modified_gmt":"2023-03-12T19:51:36","slug":"dzien-kobiet-2","status":"publish","type":"post","link":"https:\/\/pp8.kluczbork.pl\/?p=3824","title":{"rendered":"DZIE\u0143 KOBIET"},"content":{"rendered":"<p><span style=\"color: #ff6600\">\u00a0 \u00a0 &#8222;Dla Was dzi\u015b kwiaty i u\u015bmiechy.\u00a0<\/span><br \/>\n<span style=\"color: #ff6600\">\u00a0\u00a0\u00a0\u00a0\u00a0\u00a0\u00a0\u00a0\u00a0\u00a0\u00a0\u00a0\u00a0\u00a0\u00a0\u00a0\u00a0 I pierwszy promie\u0144 bliskiej wiosny.\u00a0<\/span><br \/>\n<span style=\"color: #ff6600\">\u00a0\u00a0\u00a0\u00a0\u00a0\u00a0\u00a0\u00a0\u00a0\u00a0\u00a0\u00a0\u00a0\u00a0\u00a0\u00a0\u00a0 Dzie\u0144 bez k\u0142opot\u00f3w i bez trosk.\u00a0<\/span><br \/>\n<span style=\"color: #ff6600\">\u00a0\u00a0\u00a0\u00a0\u00a0\u00a0\u00a0\u00a0\u00a0\u00a0\u00a0\u00a0\u00a0\u00a0\u00a0\u00a0\u00a0 Du\u017co rado\u015bci.\u00a0<\/span><\/p>\n<p><span style=\"color: #ff6600\">\u00a0\u00a0\u00a0\u00a0\u00a0\u00a0\u00a0\u00a0\u00a0\u00a0\u00a0\u00a0\u00a0\u00a0\u00a0\u00a0\u00a0 Dla mamy, Pani, dla dziewczynek,\u00a0<\/span><br \/>\n<span style=\"color: #ff6600\">\u00a0\u00a0\u00a0\u00a0\u00a0\u00a0\u00a0\u00a0\u00a0\u00a0\u00a0\u00a0\u00a0\u00a0\u00a0\u00a0\u00a0 W domu, w przedszkolu, na wycieczce.\u00a0<\/span><br \/>\n<span style=\"color: #ff6600\">\u00a0\u00a0\u00a0\u00a0\u00a0\u00a0\u00a0\u00a0\u00a0\u00a0\u00a0\u00a0\u00a0\u00a0\u00a0\u00a0\u00a0 Ka\u017cdego dnia dobry uczynek &#8211;\u00a0<\/span><br \/>\n<span style=\"color: #ff6600\">\u00a0\u00a0\u00a0\u00a0\u00a0\u00a0\u00a0\u00a0\u00a0\u00a0\u00a0\u00a0\u00a0\u00a0\u00a0\u00a0\u00a0 To jest od ch\u0142opc\u00f3w upominek&#8221;<\/span><br \/>\n<span style=\"color: #993300\">\u00a0\u00a0 Zbigniew Je\u017cyna\u00a0<\/span><!--more--><\/p>\n<p style=\"text-align: center\"><span style=\"color: #800000\">\u00a0<em> \u00a08 MARCA \u00a0\u00a0 to wyj\u0105tkowy dzie\u0144 w roku.<\/em><\/span><\/p>\n<p style=\"text-align: center\"><span style=\"color: #800000\"><em>Wtedy swoje \u015bwi\u0119to obchodz\u0105 wszystkie kobiety, zar\u00f3wno te du\u017ce, jak i\u00a0te ma\u0142e.\u00a0W tym szczeg\u00f3lnym dniu wszyscy ch\u0142opcy sk\u0142adali<\/em><\/span><\/p>\n<p style=\"text-align: center\"><span style=\"color: #800000\"><em>\u017cyczenia. Nie oby\u0142o si\u0119 bez drobnych upomink\u00f3w i pocz\u0119stunku<\/em><\/span><br \/>\n<span style=\"color: #800000\"><em>Z dziewcz\u0119cych bu\u017a u\u015bmiech nie\u00a0schodzi\u0142 przez calutki dzie\u0144,<\/em><\/span><\/p>\n<p style=\"text-align: center\"><span style=\"color: #800000\"><em>a ch\u0142opcy zachowywali si\u0119 jak prawdziwi\u00a0gentelmani, byli przemili, uczynni i sympatyczni:)<\/em><\/span><\/p>\n<p style=\"text-align: center\"><span style=\"color: #800000\"><em>Wszystkie panie i dziewczynki dzi\u0119kuj\u0105 ch\u0142opcom za pi\u0119kne \u017cyczenia, upominki, kwiaty i promienny u\u015bmiech&#8230;<\/em><\/span><\/p>\n<p>Link do galerii zdj\u0119\u0107:<a href=\"https:\/\/www.flickr.com\/gp\/190489758@N05\/0BHxtm2VD3\">https:\/\/www.flickr.com\/gp\/190489758@N05\/0BHxtm2VD3<\/a><\/p>\n<p style=\"text-align: left\">\n<p>&nbsp;<\/p>\n","protected":false},"excerpt":{"rendered":"<p>\u00a0 \u00a0 &#8222;Dla Was dzi\u015b kwiaty i u\u015bmiechy.\u00a0 \u00a0\u00a0\u00a0\u00a0\u00a0\u00a0\u00a0\u00a0\u00a0\u00a0\u00a0\u00a0\u00a0\u00a0\u00a0\u00a0\u00a0 I pierwszy promie\u0144 bliskiej wiosny.\u00a0 \u00a0\u00a0\u00a0\u00a0\u00a0\u00a0\u00a0\u00a0\u00a0\u00a0\u00a0\u00a0\u00a0\u00a0\u00a0\u00a0\u00a0 Dzie\u0144 bez k\u0142opot\u00f3w i bez trosk.\u00a0 \u00a0\u00a0\u00a0\u00a0\u00a0\u00a0\u00a0\u00a0\u00a0\u00a0\u00a0\u00a0\u00a0\u00a0\u00a0\u00a0\u00a0 Du\u017co rado\u015bci.\u00a0 \u00a0\u00a0\u00a0\u00a0\u00a0\u00a0\u00a0\u00a0\u00a0\u00a0\u00a0\u00a0\u00a0\u00a0\u00a0\u00a0\u00a0 Dla mamy, Pani, dla dziewczynek,\u00a0 \u00a0\u00a0\u00a0\u00a0\u00a0\u00a0\u00a0\u00a0\u00a0\u00a0\u00a0\u00a0\u00a0\u00a0\u00a0\u00a0\u00a0 W domu, w przedszkolu, na wycieczce.\u00a0 \u00a0\u00a0\u00a0\u00a0\u00a0\u00a0\u00a0\u00a0\u00a0\u00a0\u00a0\u00a0\u00a0\u00a0\u00a0\u00a0\u00a0 Ka\u017cdego dnia dobry uczynek &#8211;\u00a0 \u00a0\u00a0\u00a0\u00a0\u00a0\u00a0\u00a0\u00a0\u00a0\u00a0\u00a0\u00a0\u00a0\u00a0\u00a0\u00a0\u00a0 To jest od ch\u0142opc\u00f3w upominek&#8221; \u00a0\u00a0 [&hellip;]<\/p>\n","protected":false},"author":7,"featured_media":3821,"comment_status":"open","ping_status":"open","sticky":false,"template":"","format":"standard","meta":{"ngg_post_thumbnail":0,"footnotes":""},"categories":[26],"tags":[],"_links":{"self":[{"href":"https:\/\/pp8.kluczbork.pl\/index.php?rest_route=\/wp\/v2\/posts\/3824"}],"collection":[{"href":"https:\/\/pp8.kluczbork.pl\/index.php?rest_route=\/wp\/v2\/posts"}],"about":[{"href":"https:\/\/pp8.kluczbork.pl\/index.php?rest_route=\/wp\/v2\/types\/post"}],"author":[{"embeddable":true,"href":"https:\/\/pp8.kluczbork.pl\/index.php?rest_route=\/wp\/v2\/users\/7"}],"replies":[{"embeddable":true,"href":"https:\/\/pp8.kluczbork.pl\/index.php?rest_route=%2Fwp%2Fv2%2Fcomments&post=3824"}],"version-history":[{"count":1,"href":"https:\/\/pp8.kluczbork.pl\/index.php?rest_route=\/wp\/v2\/posts\/3824\/revisions"}],"predecessor-version":[{"id":3825,"href":"https:\/\/pp8.kluczbork.pl\/index.php?rest_route=\/wp\/v2\/posts\/3824\/revisions\/3825"}],"wp:featuredmedia":[{"embeddable":true,"href":"https:\/\/pp8.kluczbork.pl\/index.php?rest_route=\/wp\/v2\/media\/3821"}],"wp:attachment":[{"href":"https:\/\/pp8.kluczbork.pl\/index.php?rest_route=%2Fwp%2Fv2%2Fmedia&parent=3824"}],"wp:term":[{"taxonomy":"category","embeddable":true,"href":"https:\/\/pp8.kluczbork.pl\/index.php?rest_route=%2Fwp%2Fv2%2Fcategories&post=3824"},{"taxonomy":"post_tag","embeddable":true,"href":"https:\/\/pp8.kluczbork.pl\/index.php?rest_route=%2Fwp%2Fv2%2Ftags&post=3824"}],"curies":[{"name":"wp","href":"https:\/\/api.w.org\/{rel}","templated":true}]}}