{"id":3771,"date":"2023-02-13T17:40:47","date_gmt":"2023-02-13T17:40:47","guid":{"rendered":"https:\/\/pp8.kluczbork.pl\/?p=3771"},"modified":"2023-02-13T17:40:47","modified_gmt":"2023-02-13T17:40:47","slug":"bal-karnawalowy-8","status":"publish","type":"post","link":"https:\/\/pp8.kluczbork.pl\/?p=3771","title":{"rendered":"Bal Karnawa\u0142owy"},"content":{"rendered":"<p style=\"text-align: center;\"><span style=\"font-family: 'comic sans ms', sans-serif; font-size: 14pt; color: #b70cc9;\">W karnawale, w karnawale<\/span><br \/>\n<span style=\"font-family: 'comic sans ms', sans-serif; font-size: 14pt; color: #b70cc9;\">Dooko\u0142a wielkie bale,<\/span><br \/>\n<span style=\"font-family: 'comic sans ms', sans-serif; font-size: 14pt; color: #b70cc9;\">Gdy orkiestra pi\u0119knie gra,<\/span><br \/>\n<span style=\"font-family: 'comic sans ms', sans-serif; font-size: 14pt; color: #b70cc9;\">Dobry humor ka\u017cdy ma!<\/span><\/p>\n<p style=\"text-align: center;\"><span style=\"font-family: 'comic sans ms', sans-serif; font-size: 14pt; color: #b70cc9;\">Bal maskowy, bal maskowy<\/span><br \/>\n<span style=\"font-family: 'comic sans ms', sans-serif; font-size: 14pt; color: #b70cc9;\">Jest naprawd\u0119 pomys\u0142owy,<\/span><br \/>\n<span style=\"font-family: 'comic sans ms', sans-serif; font-size: 14pt; color: #b70cc9;\">Mo\u017cna przebra\u0107 si\u0119 za je\u017ca,<\/span><br \/>\n<span style=\"font-family: 'comic sans ms', sans-serif; font-size: 14pt; color: #b70cc9;\">Krasnoludka lub rycerza.<\/span><\/p>\n<p style=\"text-align: center;\"><span style=\"color: #b70cc9;\"><span style=\"font-family: 'comic sans ms', sans-serif; font-size: 14pt;\">Wsz\u0119dzie sami przebiera\u0144cy,<br \/>\n<\/span><span style=\"font-family: 'comic sans ms', sans-serif; font-size: 14pt;\">Zorro w czarnej masce ta\u0144czy,<\/span><\/span><br \/>\n<span style=\"font-family: 'comic sans ms', sans-serif; font-size: 14pt; color: #b70cc9;\">I Smerfetka razem z nim,<\/span><br \/>\n<span style=\"font-family: 'comic sans ms', sans-serif; font-size: 14pt; color: #b70cc9;\">Nie wiadomo, kto jest kim&#8230;<\/span><\/p>\n<p style=\"text-align: center;\"><span style=\"font-family: 'comic sans ms', sans-serif; font-size: 14pt; color: #b70cc9;\">W karnawale, w karnawale<\/span><br \/>\n<span style=\"font-family: 'comic sans ms', sans-serif; font-size: 14pt; color: #b70cc9;\">Dzieci bawi\u0105 si\u0119 wspaniale,<\/span><br \/>\n<span style=\"font-family: 'comic sans ms', sans-serif; font-size: 14pt; color: #b70cc9;\">W karnawale ka\u017cdy chce<\/span><br \/>\n<span style=\"font-family: 'comic sans ms', sans-serif; font-size: 14pt; color: #b70cc9;\">Ta\u0144czy\u0107, \u015bpiewa\u0107, bawi\u0107 si\u0119.<\/span><\/p>\n<p>&nbsp;<\/p>\n<p style=\"text-align: center;\"><a href=\"https:\/\/flic.kr\/s\/aHBqjArCVk\" target=\"_blank\" rel=\"noopener\"><span style=\"color: #ff0000; font-size: 14pt;\"><strong><span style=\"font-family: 'comic sans ms', sans-serif;\">GALERIA ZDJ\u0118\u0106<\/span><\/strong><\/span><\/a><\/p>\n","protected":false},"excerpt":{"rendered":"<p>W karnawale, w karnawale Dooko\u0142a wielkie bale, Gdy orkiestra pi\u0119knie gra, Dobry humor ka\u017cdy ma! Bal maskowy, bal maskowy Jest naprawd\u0119 pomys\u0142owy, Mo\u017cna przebra\u0107 si\u0119 za je\u017ca, Krasnoludka lub rycerza. Wsz\u0119dzie sami przebiera\u0144cy, Zorro w czarnej masce ta\u0144czy, I Smerfetka razem z nim, Nie wiadomo, kto jest kim&#8230; W karnawale, [&hellip;]<\/p>\n","protected":false},"author":15,"featured_media":3757,"comment_status":"open","ping_status":"open","sticky":false,"template":"","format":"standard","meta":{"ngg_post_thumbnail":0,"footnotes":""},"categories":[27],"tags":[],"_links":{"self":[{"href":"https:\/\/pp8.kluczbork.pl\/index.php?rest_route=\/wp\/v2\/posts\/3771"}],"collection":[{"href":"https:\/\/pp8.kluczbork.pl\/index.php?rest_route=\/wp\/v2\/posts"}],"about":[{"href":"https:\/\/pp8.kluczbork.pl\/index.php?rest_route=\/wp\/v2\/types\/post"}],"author":[{"embeddable":true,"href":"https:\/\/pp8.kluczbork.pl\/index.php?rest_route=\/wp\/v2\/users\/15"}],"replies":[{"embeddable":true,"href":"https:\/\/pp8.kluczbork.pl\/index.php?rest_route=%2Fwp%2Fv2%2Fcomments&post=3771"}],"version-history":[{"count":2,"href":"https:\/\/pp8.kluczbork.pl\/index.php?rest_route=\/wp\/v2\/posts\/3771\/revisions"}],"predecessor-version":[{"id":3773,"href":"https:\/\/pp8.kluczbork.pl\/index.php?rest_route=\/wp\/v2\/posts\/3771\/revisions\/3773"}],"wp:featuredmedia":[{"embeddable":true,"href":"https:\/\/pp8.kluczbork.pl\/index.php?rest_route=\/wp\/v2\/media\/3757"}],"wp:attachment":[{"href":"https:\/\/pp8.kluczbork.pl\/index.php?rest_route=%2Fwp%2Fv2%2Fmedia&parent=3771"}],"wp:term":[{"taxonomy":"category","embeddable":true,"href":"https:\/\/pp8.kluczbork.pl\/index.php?rest_route=%2Fwp%2Fv2%2Fcategories&post=3771"},{"taxonomy":"post_tag","embeddable":true,"href":"https:\/\/pp8.kluczbork.pl\/index.php?rest_route=%2Fwp%2Fv2%2Ftags&post=3771"}],"curies":[{"name":"wp","href":"https:\/\/api.w.org\/{rel}","templated":true}]}}