{"id":3766,"date":"2023-02-13T10:36:03","date_gmt":"2023-02-13T10:36:03","guid":{"rendered":"https:\/\/pp8.kluczbork.pl\/?p=3766"},"modified":"2023-02-13T10:39:18","modified_gmt":"2023-02-13T10:39:18","slug":"miedzynarodowy-dzien-pizzy","status":"publish","type":"post","link":"https:\/\/pp8.kluczbork.pl\/?p=3766","title":{"rendered":"MI\u0118DZYNARODOWY DZIE\u0143 PIZZY"},"content":{"rendered":"<p>10.02.2023 &#8211; <span style=\"font-size: 18pt;color: #ff0000\">Mi\u0119dzynarodowy Dzie\u0144 Pizzy\u00a0<\/span><\/p>\n<p>Dzi\u015b w naszym przedszkolu obchodzili\u015bmy Mi\u0119dzynarodowy Dzie\u0144 Pizzy . Samodzielnie j\u0105 przygotowali\u015bmy i upiekli\u015bmy . By\u0142a wy\u015bmienita .<\/p>\n<p><a href=\"https:\/\/flic.kr\/s\/aHBqjArZVB\">Link do zdj\u0119\u0107<\/a><\/p>\n","protected":false},"excerpt":{"rendered":"<p>10.02.2023 &#8211; Mi\u0119dzynarodowy Dzie\u0144 Pizzy\u00a0 Dzi\u015b w naszym przedszkolu obchodzili\u015bmy Mi\u0119dzynarodowy Dzie\u0144 Pizzy . Samodzielnie j\u0105 przygotowali\u015bmy i upiekli\u015bmy . By\u0142a wy\u015bmienita . Link do zdj\u0119\u0107<\/p>\n","protected":false},"author":2,"featured_media":3767,"comment_status":"open","ping_status":"open","sticky":false,"template":"","format":"standard","meta":{"ngg_post_thumbnail":0,"footnotes":""},"categories":[32],"tags":[],"_links":{"self":[{"href":"https:\/\/pp8.kluczbork.pl\/index.php?rest_route=\/wp\/v2\/posts\/3766"}],"collection":[{"href":"https:\/\/pp8.kluczbork.pl\/index.php?rest_route=\/wp\/v2\/posts"}],"about":[{"href":"https:\/\/pp8.kluczbork.pl\/index.php?rest_route=\/wp\/v2\/types\/post"}],"author":[{"embeddable":true,"href":"https:\/\/pp8.kluczbork.pl\/index.php?rest_route=\/wp\/v2\/users\/2"}],"replies":[{"embeddable":true,"href":"https:\/\/pp8.kluczbork.pl\/index.php?rest_route=%2Fwp%2Fv2%2Fcomments&post=3766"}],"version-history":[{"count":2,"href":"https:\/\/pp8.kluczbork.pl\/index.php?rest_route=\/wp\/v2\/posts\/3766\/revisions"}],"predecessor-version":[{"id":3769,"href":"https:\/\/pp8.kluczbork.pl\/index.php?rest_route=\/wp\/v2\/posts\/3766\/revisions\/3769"}],"wp:featuredmedia":[{"embeddable":true,"href":"https:\/\/pp8.kluczbork.pl\/index.php?rest_route=\/wp\/v2\/media\/3767"}],"wp:attachment":[{"href":"https:\/\/pp8.kluczbork.pl\/index.php?rest_route=%2Fwp%2Fv2%2Fmedia&parent=3766"}],"wp:term":[{"taxonomy":"category","embeddable":true,"href":"https:\/\/pp8.kluczbork.pl\/index.php?rest_route=%2Fwp%2Fv2%2Fcategories&post=3766"},{"taxonomy":"post_tag","embeddable":true,"href":"https:\/\/pp8.kluczbork.pl\/index.php?rest_route=%2Fwp%2Fv2%2Ftags&post=3766"}],"curies":[{"name":"wp","href":"https:\/\/api.w.org\/{rel}","templated":true}]}}