{"id":3738,"date":"2023-03-29T16:23:29","date_gmt":"2023-03-29T16:23:29","guid":{"rendered":"https:\/\/pp8.kluczbork.pl\/?p=3738"},"modified":"2023-03-29T16:23:29","modified_gmt":"2023-03-29T16:23:29","slug":"bal-karnawalowy-9","status":"publish","type":"post","link":"https:\/\/pp8.kluczbork.pl\/?p=3738","title":{"rendered":"Bal Karnawa\u0142owy"},"content":{"rendered":"<p style=\"text-align: center;\"><span style=\"color: #ff00ff;\"><em><span style=\"font-family: 'comic sans ms', sans-serif; font-size: 14pt;\">&nbsp;\u201eW karnawale wszyscy urz\u0105dzaj\u0105 bale.<\/span><\/em><\/span><br \/>\n<span style=\"color: #ff00ff;\"><em><span style=\"font-family: 'comic sans ms', sans-serif; font-size: 14pt;\">To tradycja bardzo stara,<\/span><\/em><\/span><br \/>\n<span style=\"color: #ff00ff;\"><em><span style=\"font-family: 'comic sans ms', sans-serif; font-size: 14pt;\">stroj\u00f3w pi\u0119knych co niemiara.<\/span><\/em><\/span><br \/>\n<span style=\"color: #ff00ff;\"><em><span style=\"font-family: 'comic sans ms', sans-serif; font-size: 14pt;\">Niech si\u0119 bawi\u0105 duzi , mali<\/span><\/em><\/span><br \/>\n<span style=\"color: #ff00ff;\"><em><span style=\"font-family: 'comic sans ms', sans-serif; font-size: 14pt;\">zgromadzeni na tej sali.\u201d<\/span><\/em><\/span><\/p>\n<p><span style=\"font-family: 'comic sans ms', sans-serif; font-size: 14pt; color: #0000ff;\">Karnawa\u0142 to mi\u0142a tradycja przepe\u0142niona muzyk\u0105 i zabaw\u0105.<br \/>\nW zorganizowanym balu karnawa\u0142owym dzieci wcieli\u0142y si\u0119 w r\u00f3\u017cne postacie bajkowe.<br \/>\nPrzedszkolaki zamieni\u0142y si\u0119 w kr\u00f3lewny, ksi\u0119\u017cniczki, wr\u00f3\u017cki, biedronki, batman\u00f3w, pirat\u00f3w, skrzat\u00f3w, rycerzy, muszkieter\u00f3w, czy policjant\u00f3w, pojawi\u0142y si\u0119 r\u00f3wnie\u017c postacie z ulubionych bajek.<br \/>\nPrzebiera\u0144cy \u015bwietnie bawili si\u0119, uczestnicz\u0105c we wsp\u00f3lnych zabawach,<br \/>\na skoczna i rytmiczna muzyka zach\u0119ca\u0142a do ta\u0144ca.<br \/>\nWszystkim zabawom towarzyszy\u0142a rado\u015b\u0107, \u015bmiech i spontaniczna aktywno\u015b\u0107 dzieci,<br \/>\na ca\u0142y bal karnawa\u0142owy przebieg\u0142 w mi\u0142ej, serdecznej atmosferze<br \/>\ni dostarczy\u0142 niezapomnianych wra\u017ce\u0144.<\/span><\/p>\n<p style=\"text-align: center;\"><span style=\"font-family: 'comic sans ms', sans-serif; font-size: 14pt;\"><span style=\"color: #ff6600;\">Dzi\u0119kujemy rodzicom za zaanga\u017cowanie w przygotowanie stroj\u00f3w i pocz\u0119stunku.<\/span>&nbsp;<\/span><\/p>\n<p style=\"text-align: center;\"><span style=\"color: #ff0000;\"><strong><span style=\"font-family: 'comic sans ms', sans-serif; font-size: 14pt;\">Zach\u0119camy do obejrzenia relacji z zabawy karnawa\u0142owej:<\/span><\/strong><\/span><br \/>\n<span style=\"color: #ff0000;\"><strong><span style=\"font-family: 'comic sans ms', sans-serif; font-size: 14pt;\">link do filmiku<\/span><\/strong><\/span><\/p>\n","protected":false},"excerpt":{"rendered":"<p>&nbsp;\u201eW karnawale wszyscy urz\u0105dzaj\u0105 bale. To tradycja bardzo stara, stroj\u00f3w pi\u0119knych co niemiara. Niech si\u0119 bawi\u0105 duzi , mali zgromadzeni na tej sali.\u201d Karnawa\u0142 to mi\u0142a tradycja przepe\u0142niona muzyk\u0105 i zabaw\u0105. W zorganizowanym balu karnawa\u0142owym dzieci wcieli\u0142y si\u0119 w r\u00f3\u017cne postacie bajkowe. Przedszkolaki zamieni\u0142y si\u0119 w kr\u00f3lewny, ksi\u0119\u017cniczki, wr\u00f3\u017cki, biedronki, [&hellip;]<\/p>\n","protected":false},"author":15,"featured_media":0,"comment_status":"open","ping_status":"open","sticky":false,"template":"","format":"standard","meta":{"ngg_post_thumbnail":0,"footnotes":""},"categories":[275],"tags":[],"_links":{"self":[{"href":"https:\/\/pp8.kluczbork.pl\/index.php?rest_route=\/wp\/v2\/posts\/3738"}],"collection":[{"href":"https:\/\/pp8.kluczbork.pl\/index.php?rest_route=\/wp\/v2\/posts"}],"about":[{"href":"https:\/\/pp8.kluczbork.pl\/index.php?rest_route=\/wp\/v2\/types\/post"}],"author":[{"embeddable":true,"href":"https:\/\/pp8.kluczbork.pl\/index.php?rest_route=\/wp\/v2\/users\/15"}],"replies":[{"embeddable":true,"href":"https:\/\/pp8.kluczbork.pl\/index.php?rest_route=%2Fwp%2Fv2%2Fcomments&post=3738"}],"version-history":[{"count":1,"href":"https:\/\/pp8.kluczbork.pl\/index.php?rest_route=\/wp\/v2\/posts\/3738\/revisions"}],"predecessor-version":[{"id":3931,"href":"https:\/\/pp8.kluczbork.pl\/index.php?rest_route=\/wp\/v2\/posts\/3738\/revisions\/3931"}],"wp:attachment":[{"href":"https:\/\/pp8.kluczbork.pl\/index.php?rest_route=%2Fwp%2Fv2%2Fmedia&parent=3738"}],"wp:term":[{"taxonomy":"category","embeddable":true,"href":"https:\/\/pp8.kluczbork.pl\/index.php?rest_route=%2Fwp%2Fv2%2Fcategories&post=3738"},{"taxonomy":"post_tag","embeddable":true,"href":"https:\/\/pp8.kluczbork.pl\/index.php?rest_route=%2Fwp%2Fv2%2Ftags&post=3738"}],"curies":[{"name":"wp","href":"https:\/\/api.w.org\/{rel}","templated":true}]}}